{"id":1545,"date":"2025-10-08T09:55:07","date_gmt":"2025-10-08T12:55:07","guid":{"rendered":"https:\/\/elpueblonoticia.com.ar\/web\/?p=1545"},"modified":"2025-10-08T09:55:07","modified_gmt":"2025-10-08T12:55:07","slug":"hallaron-muerta-a-daiana-mendieta-la-joven-de-22-anos-que-era-buscada-en-entre-rios","status":"publish","type":"post","link":"https:\/\/elpueblonoticia.com.ar\/web\/2025\/10\/08\/hallaron-muerta-a-daiana-mendieta-la-joven-de-22-anos-que-era-buscada-en-entre-rios\/","title":{"rendered":"Hallaron muerta a Daiana Mendieta, la joven de 22 a\u00f1os que era buscada en Entre R\u00edos"},"content":{"rendered":"<p>Su cuerpo estaba oculto adentro de un aljibe, a unos 10 metros de profundidad. Hay un hombre de 55 a\u00f1os detenido por el femicidio. La buscaban 130 efectivos y la hallaron asesinada de un tiro<\/p>\n<p>Daiana Magal\u00ed Mendieta, una joven de 22 a\u00f1os que estaba desaparecida desde el viernes pasado en la localidad de Gobernador Mansilla, provincia de Entre R\u00edos, fue hallada sin vida en el interior de un aljibe, a unos 10 metros de profundidad. Luego la autopsia confirmar\u00eda que la mataron de un disparo.<\/p>\n<p>La informaci\u00f3n del hallazgo del cad\u00e1ver fue confirmada a este medio por el ministro de Seguridad y Justicia de Entre R\u00edos, N\u00e9stor Roncaglia, quien est\u00e1 junto al fiscal de la causa, Sergio Saliski, en el lugar del hecho.<\/p>\n<p>La zona donde hallaron el cad\u00e1ver es un camino rural apartado, conocido como Los Zorrinos -que cruza a la Ruta 12- cercano al club de campo El Silencio y a cinco kil\u00f3metros del acceso a Gobernador Mansilla.<\/p>\n<p>El cuerpo apareci\u00f3 adentro de un pozo, camuflado entre ramas, hojas y ra\u00edces, al que solo acceder\u00eda quien conoce bien la zona: un baqueano.<\/p>\n<p>Las autoridades desplegaron un intenso dispositivo de b\u00fasqueda que involucr\u00f3 a m\u00e1s de 130 personas, entre efectivos, cadetes, bomberos, perros de rastreo y drones, seg\u00fan inform\u00f3 el comisario Horacio Blas\u00f3n, a cargo de la investigaci\u00f3n que coordin\u00f3 con las cabeceras de Tala, Gualeguay y Paran\u00e1, integrantes de Bomberos Voluntarios y las jefaturas departamentales citadas.<\/p>\n<p>El hallazgo del veh\u00edculo de la joven, con las llaves puestas, dio la primera alarma.<\/p>\n<p>Al coche lo encontraron en una zona rural a casi cuatro kil\u00f3metros del casco urbano de la localidad entrerriana de casi 2500 habitantes, que intensific\u00f3 el rastrillaje en una zona sin viviendas ni monte, lo que dificult\u00f3 la presencia de testigos.<\/p>\n<p>Las condiciones clim\u00e1ticas posteriores a la desaparici\u00f3n, con lluvias que limitaron el tr\u00e1nsito, complicaron a\u00fan m\u00e1s la recolecci\u00f3n de indicios.<\/p>\n<p>La joven hab\u00eda salido el viernes a las 19:45 y estaba en comunicaci\u00f3n telef\u00f3nica con un hombre, el cual sus familiares desconoc\u00edan. La chica tom\u00f3 el autom\u00f3vil familiar, un Chevrolet Corsa, y se march\u00f3.<\/p>\n<p>A las 20:02 ya no hab\u00eda se\u00f1ales de ella, no respondi\u00f3 m\u00e1s llamados y su se\u00f1al telef\u00f3nica se perdi\u00f3.<\/p>\n<p>Desde la denuncia presentada por la familia de Daiana, la Polic\u00eda mantuvo una b\u00fasqueda ininterrumpida, extendiendo las tareas hasta la madrugada.<\/p>\n<p>\u201cSe hicieron allanamientos a personas que tienen alg\u00fan v\u00ednculo con la joven desaparecida\u201d, detall\u00f3 Blas\u00f3n a ElOnce.<\/p>\n<p>Investigaci\u00f3n y detenci\u00f3n<br \/>\nLa investigaci\u00f3n, coordinada junto a los fiscales Emilce Reynoso y Sergio Saliski, del Ministerio P\u00fablico Fiscal de Rosario del Tala, abarcaron el an\u00e1lisis de c\u00e1maras de seguridad, entrevistas a posibles testigos y pericias sobre tel\u00e9fonos y veh\u00edculos.<\/p>\n<p>En este contexto, las autoridades detuvieron el domingo a la madrugada a un hombre de 55 a\u00f1os que manten\u00eda un presunto v\u00ednculo con Mendieta y viv\u00eda a solo un kil\u00f3metro de la v\u00edctima.<\/p>\n<p>Seg\u00fan inform\u00f3 el jefe de Polic\u00eda del Departamento de Tala, Pedro Silva, el detenido -que se lo conoce bajo el alias de \u201cPino\u201d- estuvo en contacto con la joven poco antes de su desaparici\u00f3n.<\/p>\n<p>Esta l\u00ednea de investigaci\u00f3n condujo al allanamiento de un galp\u00f3n alquilado por el sospechoso en la esquina de Moreno y Pedro Lucero, en el mismo pueblo, el lunes siguiente a la denuncia.<\/p>\n<p>Al hombre le secuestraron dos tel\u00e9fonos celulares, dos carabinas y una camioneta Hilux blanca.<\/p>\n<p>Durante el allanamiento, que se realiz\u00f3 bajo la orden de la jueza de Garant\u00edas Silvina Graciela Cabrera, el individuo intent\u00f3 manipular un arma de fuego y fue aprehendido por resistirse a la intervenci\u00f3n policial.<\/p>\n<p>\u201cQued\u00f3 detenido por esa resistencia\u201d, agreg\u00f3 Blas\u00f3n al medio local.<\/p>\n<p>Las hip\u00f3tesis que se manejaron en la causa eran diversas. El comisario subray\u00f3 que se investig\u00f3 la simulaci\u00f3n de un escenario para encubrir un femicidio.<\/p>\n<p>Un dato relevante aportado por Silva es que \u201cno es la primera vez que Daiana se ausenta del domicilio\u201d, aunque remarc\u00f3 que \u201cnunca antes hab\u00eda cortado toda comunicaci\u00f3n con su familia\u201d, lo que motiv\u00f3 la denuncia inmediata y encendi\u00f3 las alarmas en el entorno de la joven.<\/p>\n<p>Ella estudiaba astrolog\u00eda y se dedicaba a escribir y editar, que lo reflejaba en otra cuenta de Instagram (@escritosdmm). Y su \u00faltimo posteo en su red personal, abre un enigma y es un misterio: \u201cLanz\u00e1ndose a lo primero que la haga sentir viva\u201d, poste\u00f3 junto a una foto de ella, casi de perfil.<\/p>\n<p>La autopsia confirm\u00f3 que la mataron de un tiro.<\/p>\n","protected":false},"excerpt":{"rendered":"<p>Su cuerpo estaba oculto adentro de un aljibe, a unos 10 metros de profundidad. Hay un hombre de 55 a\u00f1os detenido por el femicidio. La buscaban 130 efectivos y la hallaron asesinada de un tiro Daiana Magal\u00ed Mendieta, una joven de 22 a\u00f1os que estaba desaparecida desde el viernes pasado en la localidad de Gobernador [&hellip;]<\/p>\n","protected":false},"author":2,"featured_media":1546,"comment_status":"open","ping_status":"open","sticky":false,"template":"","format":"standard","meta":{"footnotes":""},"categories":[68],"tags":[],"class_list":{"0":"post-1545","1":"post","2":"type-post","3":"status-publish","4":"format-standard","5":"has-post-thumbnail","7":"category-policiales-nacionales"},"_links":{"self":[{"href":"https:\/\/elpueblonoticia.com.ar\/web\/wp-json\/wp\/v2\/posts\/1545","targetHints":{"allow":["GET"]}}],"collection":[{"href":"https:\/\/elpueblonoticia.com.ar\/web\/wp-json\/wp\/v2\/posts"}],"about":[{"href":"https:\/\/elpueblonoticia.com.ar\/web\/wp-json\/wp\/v2\/types\/post"}],"author":[{"embeddable":true,"href":"https:\/\/elpueblonoticia.com.ar\/web\/wp-json\/wp\/v2\/users\/2"}],"replies":[{"embeddable":true,"href":"https:\/\/elpueblonoticia.com.ar\/web\/wp-json\/wp\/v2\/comments?post=1545"}],"version-history":[{"count":0,"href":"https:\/\/elpueblonoticia.com.ar\/web\/wp-json\/wp\/v2\/posts\/1545\/revisions"}],"wp:featuredmedia":[{"embeddable":true,"href":"https:\/\/elpueblonoticia.com.ar\/web\/wp-json\/wp\/v2\/media\/1546"}],"wp:attachment":[{"href":"https:\/\/elpueblonoticia.com.ar\/web\/wp-json\/wp\/v2\/media?parent=1545"}],"wp:term":[{"taxonomy":"category","embeddable":true,"href":"https:\/\/elpueblonoticia.com.ar\/web\/wp-json\/wp\/v2\/categories?post=1545"},{"taxonomy":"post_tag","embeddable":true,"href":"https:\/\/elpueblonoticia.com.ar\/web\/wp-json\/wp\/v2\/tags?post=1545"}],"curies":[{"name":"wp","href":"https:\/\/api.w.org\/{rel}","templated":true}]}}