{"id":1515,"date":"2025-10-08T08:44:57","date_gmt":"2025-10-08T11:44:57","guid":{"rendered":"https:\/\/elpueblonoticia.com.ar\/web\/?p=1515"},"modified":"2025-10-08T08:44:57","modified_gmt":"2025-10-08T11:44:57","slug":"puente-chaco-corrientes-declaracion-de-emergencia","status":"publish","type":"post","link":"https:\/\/elpueblonoticia.com.ar\/web\/2025\/10\/08\/puente-chaco-corrientes-declaracion-de-emergencia\/","title":{"rendered":"PUENTE CHACO-CORRIENTES: DECLARACI\u00d3N DE EMERGENCIA"},"content":{"rendered":"<p class=\"x_MsoNormal\"><span data-olk-copy-source=\"MessageBody\">La Diputada Nacional Sof\u00eda Brambilla presenta en el Congreso la respectiva declaraci\u00f3n de emergencia<\/span><\/p>\n<p class=\"x_MsoNormal\">La Diputada Nacional Sof\u00eda Brambilla present\u00f3 un proyecto de ley para declarar la emergencia vial del Puente General Belgrano, con el fin de atender de manera urgente el grave deterioro de la estructura y la congesti\u00f3n vehicular, del puente que une a las provincias de Corrientes y Chaco a trav\u00e9s de la Ruta Nacional N\u00ba 16.<\/p>\n<p class=\"x_MsoNormal\">El puente interprovincial, inaugurado el 10 de mayo de 1973, supera los 1.700 metros de extensi\u00f3n y soporta un tr\u00e1nsito diario estimado entre 24.000 y 27.000 veh\u00edculos, cifra que incluye un alto porcentaje de camiones de carga pesada, lo que genera una presi\u00f3n estructural constante y acelerada.<\/p>\n<p class=\"x_MsoNormal\">\n<p class=\"x_MsoNormal\">En este sentido, el proyecto tiene como prop\u00f3sito garantizar un diagn\u00f3stico estructural exhaustivo, la reparaci\u00f3n integral de la infraestructura y el control estricto del tr\u00e1nsito pesado, adem\u00e1s de mejorar la se\u00f1alizaci\u00f3n, la iluminaci\u00f3n y las medidas de seguridad vial a lo largo de todo su recorrido. La propuesta tambi\u00e9n exige la creaci\u00f3n de un sistema de control de cargas transportadas y un plan de seguridad vial permanente, con personal especializado para supervisar su cumplimiento.<\/p>\n<p class=\"x_MsoNormal\">\n<p class=\"x_MsoNormal\">Adem\u00e1s, la iniciativa establece que la Direcci\u00f3n Nacional de Vialidad ser\u00e1 la autoridad de aplicaci\u00f3n, y que su ejecuci\u00f3n ser\u00e1 financiada mediante el Fondo Fiduciario del Sistema de Infraestructura de Transporte, creado por el Decreto N\u00ba 976\/01.<\/p>\n<p class=\"x_MsoNormal\">\u201cEste puente no puede seguir dependiendo de parches temporales. Es la arteria principal que conecta dos provincias y sostiene la econom\u00eda no solo del NEA, sino que es una conexi\u00f3n estrat\u00e9gica para el comercio nacional e internacional. Declarar la emergencia no es un gesto pol\u00edtico, es una necesidad indiscutida\u201d, afirm\u00f3 Brambilla.<\/p>\n<p class=\"x_MsoNormal\">El proyecto surge tras una serie de episodios que encendieron las alarmas: roturas en las juntas de dilataci\u00f3n, demoras constantes y accidentes en cadena \u2014como el ocurrido el 19 de septiembre de 2025, donde se vieron involucrados m\u00e1s de 14 veh\u00edculos y una persona fallecida\u2014, que expusieron las falencias de mantenimiento y control.<\/p>\n<p class=\"x_MsoNormal\">\n<p class=\"x_MsoNormal\">A esto se suma que, tal como lo reflej\u00f3 la prensa local, los problemas actuales fueron anticipados hace tiempo. Un reconocido diario de Corrientes public\u00f3 diversas notas en las que advert\u00eda sobre el riesgo estructural del viaducto. En uno de sus art\u00edculos, se detallan fallas en el mantenimiento, fisuras, sobrecargas no controladas y falta de inspecciones regulares, advertencias que hoy se verifican en la realidad.<\/p>\n<p class=\"x_MsoNormal\">Brambilla remarc\u00f3 adem\u00e1s que esta iniciativa busca acelerar la construcci\u00f3n del segundo puente Chaco\u2013Corrientes, obra clave para aliviar el colapso del General Belgrano, y que cuenta con financiamiento aprobado del Banco Interamericano de Desarrollo (BID), aunque su ejecuci\u00f3n contin\u00faa demorada por tr\u00e1mites administrativos.<\/p>\n<p class=\"x_MsoNormal\">\n<p class=\"x_MsoNormal\">\u201cMientras ese nuevo puente no se concrete, el General Belgrano debe ser prioridad absoluta del Estado Nacional. No podemos esperar a que ocurra una tragedia para reaccionar\u201d, sostuvo la diputada.<\/p>\n<p class=\"x_MsoNormal\">Por \u00faltimo, el texto legislativo tambi\u00e9n propone que todos los informes t\u00e9cnicos sean p\u00fablicos y de acceso ciudadano, para garantizar la transparencia del proceso.<\/p>\n<p class=\"x_MsoNormal\">\n<p class=\"x_MsoNormal\">\u201cCada ciudadano tiene derecho a saber en qu\u00e9 estado est\u00e1 el puente que cruza todos los d\u00edas\u201d, concluy\u00f3 Brambilla.<\/p>\n","protected":false},"excerpt":{"rendered":"<p>La Diputada Nacional Sof\u00eda Brambilla presenta en el Congreso la respectiva declaraci\u00f3n de emergencia La Diputada Nacional Sof\u00eda Brambilla present\u00f3 un proyecto de ley para declarar la emergencia vial del Puente General Belgrano, con el fin de atender de manera urgente el grave deterioro de la estructura y la congesti\u00f3n vehicular, del puente que une [&hellip;]<\/p>\n","protected":false},"author":2,"featured_media":1516,"comment_status":"open","ping_status":"open","sticky":false,"template":"","format":"standard","meta":{"footnotes":""},"categories":[72],"tags":[],"class_list":{"0":"post-1515","1":"post","2":"type-post","3":"status-publish","4":"format-standard","5":"has-post-thumbnail","7":"category-provinciales"},"_links":{"self":[{"href":"https:\/\/elpueblonoticia.com.ar\/web\/wp-json\/wp\/v2\/posts\/1515","targetHints":{"allow":["GET"]}}],"collection":[{"href":"https:\/\/elpueblonoticia.com.ar\/web\/wp-json\/wp\/v2\/posts"}],"about":[{"href":"https:\/\/elpueblonoticia.com.ar\/web\/wp-json\/wp\/v2\/types\/post"}],"author":[{"embeddable":true,"href":"https:\/\/elpueblonoticia.com.ar\/web\/wp-json\/wp\/v2\/users\/2"}],"replies":[{"embeddable":true,"href":"https:\/\/elpueblonoticia.com.ar\/web\/wp-json\/wp\/v2\/comments?post=1515"}],"version-history":[{"count":0,"href":"https:\/\/elpueblonoticia.com.ar\/web\/wp-json\/wp\/v2\/posts\/1515\/revisions"}],"wp:featuredmedia":[{"embeddable":true,"href":"https:\/\/elpueblonoticia.com.ar\/web\/wp-json\/wp\/v2\/media\/1516"}],"wp:attachment":[{"href":"https:\/\/elpueblonoticia.com.ar\/web\/wp-json\/wp\/v2\/media?parent=1515"}],"wp:term":[{"taxonomy":"category","embeddable":true,"href":"https:\/\/elpueblonoticia.com.ar\/web\/wp-json\/wp\/v2\/categories?post=1515"},{"taxonomy":"post_tag","embeddable":true,"href":"https:\/\/elpueblonoticia.com.ar\/web\/wp-json\/wp\/v2\/tags?post=1515"}],"curies":[{"name":"wp","href":"https:\/\/api.w.org\/{rel}","templated":true}]}}