{"id":1511,"date":"2025-10-08T08:38:26","date_gmt":"2025-10-08T11:38:26","guid":{"rendered":"https:\/\/elpueblonoticia.com.ar\/web\/?p=1511"},"modified":"2025-10-08T08:38:26","modified_gmt":"2025-10-08T11:38:26","slug":"homenaje-en-memoria-de-tito-lopez","status":"publish","type":"post","link":"https:\/\/elpueblonoticia.com.ar\/web\/2025\/10\/08\/homenaje-en-memoria-de-tito-lopez\/","title":{"rendered":"HOMENAJE EN MEMORIA DE &#8220;TITO&#8221; LOPEZ"},"content":{"rendered":"<p class=\"x_MsoNormal\"><span data-olk-copy-source=\"MessageBody\">En la noche de este lunes en la sede del comit\u00e9 Departamental de la UCR de Goya se realiz\u00f3 el acto Homenaje a H\u00e9ctor &#8220;Tito&#8221; Lopez, quien falleci\u00f3 el pasado s\u00e1bado 27 de septiembre.<\/span><\/p>\n<p class=\"x_MsoNormal\">\n<p class=\"x_MsoNormal\">Participaron de este acto familiares, su hija Gabriela, su yerno Agust\u00edn Verges y su hermano Mariano Lopez; Bel\u00e9n y Eduardo, sus otros hijos siguieron en forma virtual el homenaje.<\/p>\n<p class=\"x_MsoNormal\">Numerosos testimonios de muestras de afecto, se expresaron en palabras de militantes, dirigentes y amigos.<\/p>\n<p class=\"x_MsoNormal\">Expresiones que manifestaron la ense\u00f1anza de Tito, inculcando el valor de la pol\u00edtica, escuchar, dialogar y buscar consensos, del compromiso militante considerando a la &#8220;Casa Radical&#8221; como su segundo hogar.<\/p>\n<p class=\"x_MsoNormal\">La trayectoria social, principalmente la pol\u00edtica, en el \u00e1mbito local, como tambi\u00e9n a nivel provincial, donde se desempe\u00f1\u00f3 como Diputado Provincial por 16 a\u00f1os, siendo Presidente del Bloque Radical 14 a\u00f1os, este desempe\u00f1o demuestra la capacidad que ten\u00eda de lograr consensos, a trav\u00e9s de la construcci\u00f3n pol\u00edtica, legado que queda vigente tan necesario en estos tiempos para lograr un pa\u00eds mejor.<\/p>\n<p class=\"x_MsoNormal\">Este homenaje cont\u00f3 con la participaci\u00f3n en intendente municipal Mariano Hormaechea, de legisladores provinciales Ignacio Osella Senador y el Diputado Jes\u00fas M\u00e9ndez Vernengo, quienes junto al vicepresidente de la UCR local Ra\u00fal Mart\u00ednez y el Secretario de la Juventud Radical Juan Pablo Ortiz, expresaron a trav\u00e9s de sus mensajes la trayectoria del dirigente Tito Lopez.<\/p>\n<p class=\"x_MsoNormal\">Su hija Gabriela recibi\u00f3 un cuadro como testimonio del homenaje, momento que manifest\u00f3 su agradecimiento por tantas muestras de afecto.<\/p>\n<p class=\"x_MsoNormal\">A estos testimonios se sumaron, muchas otras expresiones de militantes, dirigentes de otros espacios pol\u00edticos que reflejaron con an\u00e9cdotas, recuerdos, pero principalmente en coincidir en las convicciones que se inculcaron y el legado que supo transmitir H\u00e9ctor &#8220;Tito&#8221; Lopez.<\/p>\n<p class=\"x_MsoNormal\">Durante el homenaje se proyect\u00f3 un video con im\u00e1genes, recordando al dirigente, adem\u00e1s se descubri\u00f3 un cuadro que, una vez finalizado el acto se coloc\u00f3 en el Sal\u00f3n de la memoria, junto a im\u00e1genes de otros dirigentes del radicalismo.<\/p>\n<p class=\"x_MsoNormal\">\n","protected":false},"excerpt":{"rendered":"<p>En la noche de este lunes en la sede del comit\u00e9 Departamental de la UCR de Goya se realiz\u00f3 el acto Homenaje a H\u00e9ctor &#8220;Tito&#8221; Lopez, quien falleci\u00f3 el pasado s\u00e1bado 27 de septiembre. Participaron de este acto familiares, su hija Gabriela, su yerno Agust\u00edn Verges y su hermano Mariano Lopez; Bel\u00e9n y Eduardo, sus [&hellip;]<\/p>\n","protected":false},"author":2,"featured_media":1512,"comment_status":"open","ping_status":"open","sticky":false,"template":"","format":"standard","meta":{"footnotes":""},"categories":[56],"tags":[],"class_list":{"0":"post-1511","1":"post","2":"type-post","3":"status-publish","4":"format-standard","5":"has-post-thumbnail","7":"category-locales"},"_links":{"self":[{"href":"https:\/\/elpueblonoticia.com.ar\/web\/wp-json\/wp\/v2\/posts\/1511","targetHints":{"allow":["GET"]}}],"collection":[{"href":"https:\/\/elpueblonoticia.com.ar\/web\/wp-json\/wp\/v2\/posts"}],"about":[{"href":"https:\/\/elpueblonoticia.com.ar\/web\/wp-json\/wp\/v2\/types\/post"}],"author":[{"embeddable":true,"href":"https:\/\/elpueblonoticia.com.ar\/web\/wp-json\/wp\/v2\/users\/2"}],"replies":[{"embeddable":true,"href":"https:\/\/elpueblonoticia.com.ar\/web\/wp-json\/wp\/v2\/comments?post=1511"}],"version-history":[{"count":0,"href":"https:\/\/elpueblonoticia.com.ar\/web\/wp-json\/wp\/v2\/posts\/1511\/revisions"}],"wp:featuredmedia":[{"embeddable":true,"href":"https:\/\/elpueblonoticia.com.ar\/web\/wp-json\/wp\/v2\/media\/1512"}],"wp:attachment":[{"href":"https:\/\/elpueblonoticia.com.ar\/web\/wp-json\/wp\/v2\/media?parent=1511"}],"wp:term":[{"taxonomy":"category","embeddable":true,"href":"https:\/\/elpueblonoticia.com.ar\/web\/wp-json\/wp\/v2\/categories?post=1511"},{"taxonomy":"post_tag","embeddable":true,"href":"https:\/\/elpueblonoticia.com.ar\/web\/wp-json\/wp\/v2\/tags?post=1511"}],"curies":[{"name":"wp","href":"https:\/\/api.w.org\/{rel}","templated":true}]}}