{"id":1507,"date":"2025-10-08T08:23:42","date_gmt":"2025-10-08T11:23:42","guid":{"rendered":"https:\/\/elpueblonoticia.com.ar\/web\/?p=1507"},"modified":"2025-10-08T08:23:42","modified_gmt":"2025-10-08T11:23:42","slug":"el-municipio-se-iluminara-de-color-turquesa-en-adhesion-al-dia-internacional-de-la-dislexia","status":"publish","type":"post","link":"https:\/\/elpueblonoticia.com.ar\/web\/2025\/10\/08\/el-municipio-se-iluminara-de-color-turquesa-en-adhesion-al-dia-internacional-de-la-dislexia\/","title":{"rendered":"EL MUNICIPIO SE ILUMINAR\u00c1 DE COLOR TURQUESA: En Adhesi\u00f3n al D\u00eda Internacional de la Dislexia"},"content":{"rendered":"<p class=\"x_MsoNormal\"><span data-olk-copy-source=\"MessageBody\">Con el objetivo de visibilizar y concientizar a la comunidad sobre la importancia de un diagn\u00f3stico temprano, en la noche del martes 7 y durante el mi\u00e9rcoles se iluminar\u00e1 el Edificio Municipal del color turquesa.<\/span><\/p>\n<p class=\"x_MsoNormal\">\n<p class=\"x_MsoNormal\">La Dislexia es un Trastorno Neurocognitivo, que radica en la dificultad de leer, escribir y procesar el lenguaje de manera eficiente.<\/p>\n<p class=\"x_MsoNormal\">\n<p class=\"x_MsoNormal\">Algunos Signos a tener en cuenta son:<br \/>\nDificultad en su lateralidad.<\/p>\n<p class=\"x_MsoNormal\">Cambio de orden en palabras y n\u00fameros.<\/p>\n<p class=\"x_MsoNormal\">Errores en la lectura.<\/p>\n<p class=\"x_MsoNormal\">Confusi\u00f3n de palabras.<\/p>\n<p class=\"x_MsoNormal\">Falta de Concentraci\u00f3n.<\/p>\n<p class=\"x_MsoNormal\">\n<p class=\"x_MsoNormal\">Con la Detecci\u00f3n Temprana se pueden implementar intervenciones adecuadas y promover as\u00ed, la igualdad de oportunidades.<\/p>\n<p class=\"x_MsoNormal\">Se design\u00f3 el color turquesa para esta ocasi\u00f3n, ya que representa la calma, la serenidad y la tranquilidad, buscando as\u00ed tambi\u00e9n fomentar la creatividad y abrir l\u00edneas de comunicaci\u00f3n.<\/p>\n<p class=\"x_MsoNormal\">La Municipalidad de Goya por medio de la Coordinaci\u00f3n de Discapacidad se adhiere a esta fecha, para lo cual se iluminar\u00e1 el edificio municipal en ese color simb\u00f3lico: turquesa.<\/p>\n","protected":false},"excerpt":{"rendered":"<p>Con el objetivo de visibilizar y concientizar a la comunidad sobre la importancia de un diagn\u00f3stico temprano, en la noche del martes 7 y durante el mi\u00e9rcoles se iluminar\u00e1 el Edificio Municipal del color turquesa. La Dislexia es un Trastorno Neurocognitivo, que radica en la dificultad de leer, escribir y procesar el lenguaje de manera [&hellip;]<\/p>\n","protected":false},"author":2,"featured_media":1508,"comment_status":"open","ping_status":"open","sticky":false,"template":"","format":"standard","meta":{"footnotes":""},"categories":[56],"tags":[],"class_list":{"0":"post-1507","1":"post","2":"type-post","3":"status-publish","4":"format-standard","5":"has-post-thumbnail","7":"category-locales"},"_links":{"self":[{"href":"https:\/\/elpueblonoticia.com.ar\/web\/wp-json\/wp\/v2\/posts\/1507","targetHints":{"allow":["GET"]}}],"collection":[{"href":"https:\/\/elpueblonoticia.com.ar\/web\/wp-json\/wp\/v2\/posts"}],"about":[{"href":"https:\/\/elpueblonoticia.com.ar\/web\/wp-json\/wp\/v2\/types\/post"}],"author":[{"embeddable":true,"href":"https:\/\/elpueblonoticia.com.ar\/web\/wp-json\/wp\/v2\/users\/2"}],"replies":[{"embeddable":true,"href":"https:\/\/elpueblonoticia.com.ar\/web\/wp-json\/wp\/v2\/comments?post=1507"}],"version-history":[{"count":0,"href":"https:\/\/elpueblonoticia.com.ar\/web\/wp-json\/wp\/v2\/posts\/1507\/revisions"}],"wp:featuredmedia":[{"embeddable":true,"href":"https:\/\/elpueblonoticia.com.ar\/web\/wp-json\/wp\/v2\/media\/1508"}],"wp:attachment":[{"href":"https:\/\/elpueblonoticia.com.ar\/web\/wp-json\/wp\/v2\/media?parent=1507"}],"wp:term":[{"taxonomy":"category","embeddable":true,"href":"https:\/\/elpueblonoticia.com.ar\/web\/wp-json\/wp\/v2\/categories?post=1507"},{"taxonomy":"post_tag","embeddable":true,"href":"https:\/\/elpueblonoticia.com.ar\/web\/wp-json\/wp\/v2\/tags?post=1507"}],"curies":[{"name":"wp","href":"https:\/\/api.w.org\/{rel}","templated":true}]}}