{"id":1484,"date":"2025-10-07T10:51:08","date_gmt":"2025-10-07T13:51:08","guid":{"rendered":"https:\/\/elpueblonoticia.com.ar\/web\/?p=1484"},"modified":"2025-10-07T10:51:08","modified_gmt":"2025-10-07T13:51:08","slug":"manuel-zampar-esto-es-reafirmar-la-devocion-de-los-goyanos-hacia-nuestra-patrona-la-virgen-del-rosario","status":"publish","type":"post","link":"https:\/\/elpueblonoticia.com.ar\/web\/2025\/10\/07\/manuel-zampar-esto-es-reafirmar-la-devocion-de-los-goyanos-hacia-nuestra-patrona-la-virgen-del-rosario\/","title":{"rendered":"MANUEL ZAMPAR: \u201cESTO ES REAFIRMAR LA DEVOCI\u00d3N DE LOS GOYANOS HACIA NUESTRA PATRONA, LA VIRGEN DEL ROSARIO\u201d"},"content":{"rendered":"<p style=\"font-weight: 400;\">El Director de Cultura de la Municipalidad de Goya, Manuel Zampar, dialog\u00f3 con Radio Ciudad 88.3 sobre las actividades culturales organizadas en el marco de la Fiesta Patronal en honor a la Virgen Nuestra Se\u00f1ora del Rosario, y tambi\u00e9n se refiri\u00f3 a la reciente exposici\u00f3n art\u00edstica en la Galer\u00eda Jacarand\u00e1.<\/p>\n<p style=\"font-weight: 400;\">Zampar destac\u00f3 la importancia de vivir estas fechas con un sentido que trascienda lo religioso: \u201cSe vive esto de echar una mirada no solamente desde la fe, sino tambi\u00e9n desde lo cultural. Y esto viene ocurriendo con el aporte de los m\u00fasicos y artistas que, desde Cultura, ayudan a mantener viva la tradici\u00f3n en el marco de la Fiesta de la Patrona de Goya, la Virgen del Rosario.\u201d<\/p>\n<p style=\"font-weight: 400;\">El funcionario subray\u00f3 que desde su \u00e1rea se trabaja con compromiso para acompa\u00f1ar los festejos: \u201cEsto es reafirmar la devoci\u00f3n de los goyanos hacia nuestra patrona, la Virgen del Rosario.\u201d<\/p>\n<p style=\"font-weight: 400;\">\u201cDesde la Direcci\u00f3n de Cultura estamos encargados de todo lo que es el festival art\u00edstico, la vigilia del 6 de octubre, para esperar la salida de la Patrona de nuestra ciudad, que saluda a todos los que sentimos esa devoci\u00f3n a Mar\u00eda.\u201d, expres\u00f3.<\/p>\n<p style=\"font-weight: 400;\">Zampar agreg\u00f3 que cada a\u00f1o se busca fortalecer el componente art\u00edstico de la celebraci\u00f3n: \u201cSiempre con aportes de m\u00fasicos de la Direcci\u00f3n de Cultura y otros artistas que se suman a la vigilia de esta noche.\u201d<\/p>\n<p style=\"font-weight: 400;\">ARTISTAS Y PROPUESTAS PARA LA VIGILIA<\/p>\n<p style=\"font-weight: 400;\">El Director de Cultura anticip\u00f3 los nombres que integran la grilla del espect\u00e1culo: \u201cTenemos el coro infantil juvenil, el ballet de Ana Mar\u00eda Trainini, la Banda Puerto Argentino \u2014que ya es una tradici\u00f3n para esta fecha\u2014, el grupo Alma Guaran\u00ed, la orquesta municipal con un renovado repertorio y, previo a la salida de la Virgen, el grupo San Jos\u00e9 del padre Ariel Jim\u00e9nez.\u201d<\/p>\n<p style=\"font-weight: 400;\">Consultado sobre el conjunto Alma Guaran\u00ed, Zampar explic\u00f3: \u201cEs un conjunto que viene ya caminando los escenarios de nuestra ciudad. Olivera, que es un muchacho que participa y particip\u00f3 en distintos grupos, es un muy buen m\u00fasico. Estamos d\u00e1ndole oportunidades, como siempre, a distintos grupos; esa es la misi\u00f3n que llevamos adelante: que todos puedan tener la posibilidad de mostrar sus cualidades arriba del escenario.\u201d<\/p>\n<p style=\"font-weight: 400;\">El Director detall\u00f3 que la vigilia tendr\u00e1 su punto culminante a la medianoche: \u201cEste es el marco que tendr\u00e1 la vigilia, esperando la hora 00 para que la Madre salude a sus hijos. Luego se quedar\u00e1 un rato m\u00e1s, y cerrar\u00e1 el grupo San Jos\u00e9 del Padre Ariel Gim\u00e9nez.\u201d<\/p>\n<p style=\"font-weight: 400;\">Sobre la participaci\u00f3n del sacerdote y m\u00fasico, a\u00f1adi\u00f3: \u201cAs\u00ed es. A partir del a\u00f1o pasado, que fue el primer a\u00f1o que contamos con Ariel como p\u00e1rroco, le digo: \u2018Padre, tiene que cerrar usted\u2019, porque \u00e9l tiene una arenga muy especial, muy tradicional, relacionada con nuestro chamam\u00e9. Ese fue el motivo de su convocatoria para este momento tan trascendental para los goyanos: la salida del templo de la Virgen del Rosario a saludar a todos los fieles de Goya.\u201d<\/p>\n<p style=\"font-weight: 400;\">PROGRAMACI\u00d3N DEL D\u00cdA DE LA VIRGEN DEL ROSARIO<\/p>\n<p style=\"font-weight: 400;\">Zampar repas\u00f3 adem\u00e1s el programa cultural y lit\u00fargico previsto para este martes 7 de octubre, d\u00eda central de la patrona.<\/p>\n<p style=\"font-weight: 400;\">\u201cToda la programaci\u00f3n lit\u00fargica est\u00e1 preparada desde la Misa de los Ni\u00f1os en Catedral, la Misa con los peregrinos, una misa para los enfermos, y tambi\u00e9n un espacio donde Cultura hace su aporte art\u00edstico.\u201d<\/p>\n<p style=\"font-weight: 400;\">El funcionario detall\u00f3: \u201cDesde las 16 hasta aproximadamente las 17:45 estar\u00e1n los institutos de danza de la ciudad participando de la tradicional \u201cTarde de la Danza\u201d por la Fiesta Patronal de Goya. Luego vendr\u00e1 la procesi\u00f3n por las calles de la ciudad y, una vez finalizada, la misa central en el escenario montado en la esquina de Belgrano y Mariano I. Loza.\u201d<\/p>\n<p style=\"font-weight: 400;\">Finalmente, adelant\u00f3 el cierre art\u00edstico del d\u00eda: \u201cA continuaci\u00f3n se presentar\u00e1n dos grupos chamameceros: uno municipal y otro joven, pero con destacados int\u00e9rpretes de nuestra m\u00fasica chamamecera, como es el grupo Raza Yacar\u00e9, de Fernando Perrota. Este es el programa cultural que acompa\u00f1ar\u00e1 tanto la vigilia como el d\u00eda de nuestra patrona.\u201d<\/p>\n<p style=\"font-weight: 400;\">EXPOSICI\u00d3N DE ARTE EN LA GALER\u00cdA JACARAND\u00c1<\/p>\n<p style=\"font-weight: 400;\">Por otra parte, Zampar se refiri\u00f3 a la apertura de la muestra en la Galer\u00eda Jacarand\u00e1, que combin\u00f3 arte visual e identidad local.<\/p>\n<p style=\"font-weight: 400;\">\u201cFue realmente muy interesante. En representaci\u00f3n de la Direcci\u00f3n de Cultura estuvo Leonardo Ram\u00edrez Boll, quien entreg\u00f3 la declaraci\u00f3n de inter\u00e9s cultural, y hemos acompa\u00f1ado en todo lo que fue la promoci\u00f3n de esta apertura.\u201d<\/p>\n<p style=\"font-weight: 400;\">El Director destac\u00f3 la calidad de la propuesta y de sus artistas: \u201cLa muestra va a seguir abierta y cont\u00f3 con la autora y due\u00f1a de las obras, Teresita Gonz\u00e1lez Ocantos. Tambi\u00e9n participaron Victoria Muniagurria, una acuarelista, y Patricio Cattay, quien habl\u00f3 sobre el Sapucay propiamente dicho.\u201d<\/p>\n<p style=\"font-weight: 400;\">Zampar resalt\u00f3 la buena respuesta del p\u00fablico: \u201cHubo una muy buena asistencia de p\u00fablico, pero lo m\u00e1s importante en este momento es que la galer\u00eda permanecer\u00e1 abierta durante estos dos d\u00edas de nuestra Fiesta Patronal para que la gente pueda pasar y admirar el trabajo. Son obras bordadas manualmente por Teresita, quien puso en ellas un enorme esfuerzo, incluso f\u00edsico. Vale la pena pasar por la galer\u00eda y acompa\u00f1ar a esta gran impulsora del arte local.\u201d, concluy\u00f3 el Director de Cultura.<\/p>\n","protected":false},"excerpt":{"rendered":"<p>El Director de Cultura de la Municipalidad de Goya, Manuel Zampar, dialog\u00f3 con Radio Ciudad 88.3 sobre las actividades culturales organizadas en el marco de la Fiesta Patronal en honor a la Virgen Nuestra Se\u00f1ora del Rosario, y tambi\u00e9n se refiri\u00f3 a la reciente exposici\u00f3n art\u00edstica en la Galer\u00eda Jacarand\u00e1. Zampar destac\u00f3 la importancia de [&hellip;]<\/p>\n","protected":false},"author":2,"featured_media":1485,"comment_status":"open","ping_status":"open","sticky":false,"template":"","format":"standard","meta":{"footnotes":""},"categories":[56],"tags":[],"class_list":{"0":"post-1484","1":"post","2":"type-post","3":"status-publish","4":"format-standard","5":"has-post-thumbnail","7":"category-locales"},"_links":{"self":[{"href":"https:\/\/elpueblonoticia.com.ar\/web\/wp-json\/wp\/v2\/posts\/1484","targetHints":{"allow":["GET"]}}],"collection":[{"href":"https:\/\/elpueblonoticia.com.ar\/web\/wp-json\/wp\/v2\/posts"}],"about":[{"href":"https:\/\/elpueblonoticia.com.ar\/web\/wp-json\/wp\/v2\/types\/post"}],"author":[{"embeddable":true,"href":"https:\/\/elpueblonoticia.com.ar\/web\/wp-json\/wp\/v2\/users\/2"}],"replies":[{"embeddable":true,"href":"https:\/\/elpueblonoticia.com.ar\/web\/wp-json\/wp\/v2\/comments?post=1484"}],"version-history":[{"count":0,"href":"https:\/\/elpueblonoticia.com.ar\/web\/wp-json\/wp\/v2\/posts\/1484\/revisions"}],"wp:featuredmedia":[{"embeddable":true,"href":"https:\/\/elpueblonoticia.com.ar\/web\/wp-json\/wp\/v2\/media\/1485"}],"wp:attachment":[{"href":"https:\/\/elpueblonoticia.com.ar\/web\/wp-json\/wp\/v2\/media?parent=1484"}],"wp:term":[{"taxonomy":"category","embeddable":true,"href":"https:\/\/elpueblonoticia.com.ar\/web\/wp-json\/wp\/v2\/categories?post=1484"},{"taxonomy":"post_tag","embeddable":true,"href":"https:\/\/elpueblonoticia.com.ar\/web\/wp-json\/wp\/v2\/tags?post=1484"}],"curies":[{"name":"wp","href":"https:\/\/api.w.org\/{rel}","templated":true}]}}