{"id":1481,"date":"2025-10-07T10:04:52","date_gmt":"2025-10-07T13:04:52","guid":{"rendered":"https:\/\/elpueblonoticia.com.ar\/web\/?p=1481"},"modified":"2025-10-07T10:04:52","modified_gmt":"2025-10-07T13:04:52","slug":"plus-unificado-valdes-confirmo-dias-de-pagos-de-octubre","status":"publish","type":"post","link":"https:\/\/elpueblonoticia.com.ar\/web\/2025\/10\/07\/plus-unificado-valdes-confirmo-dias-de-pagos-de-octubre\/","title":{"rendered":"Plus Unificado: Vald\u00e9s confirm\u00f3 d\u00edas de pagos de octubre"},"content":{"rendered":"<p><strong>Provinciales<\/strong><\/p>\n<p>7 de Octubre de 2025<\/p>\n<h3>El gobernador Gustavo Vald\u00e9s adelant\u00f3 que la liquidaci\u00f3n del cronograma del Adicional Remunerativo Mensual ser\u00e1 entre este jueves 9 y el pr\u00f3ximo 16.<\/h3>\n<div>El beneficio es de $110 por agente de la administraci\u00f3n p\u00fablica provincial, activo, jubilado y pensionado.<\/div>\n<div><\/div>\n<div>A trav\u00e9s de sus redes sociales, @gustavovaldesok, comunic\u00f3 el pago a los agentes de la administraci\u00f3n p\u00fablica provincial, activos, jubilados y pensionados del Plus Unificado (Adicional Remunerativo Mensual), correspondiente a este mes de octubre, de $110 por beneficiarios.<\/div>\n<div><\/div>\n<div>El cronograma comienza a liquidarse a partir de este jueves 9, fecha que cobrar\u00e1n los agentes con Documento Nacional de Identidad en 0 y 1.<\/div>\n<div><\/div>\n<div>El segundo tramo ser\u00e1 el lunes 13, para los beneficiarios con DNI finalizados en 2 y 3; ya estar\u00e1 disponible desde el pr\u00f3ximo viernes 10, jornada que es feriado nacional.<\/div>\n<div><\/div>\n<div>El martes 14, se pagar\u00e1 el tercer tramo, para los agentes con documentos terminados en 4 y 5.<\/div>\n<div><\/div>\n<div>El mi\u00e9rcoles 15, cobrar\u00e1n aquellos con 6 y 7.<\/div>\n<div><\/div>\n<div>El plago del Adicional Remunerativo Mensual de octubre terminar\u00e1 el jueves 16, jornada de pago a los agentes con DNI finalizados en 8 y 9.<\/div>\n<div><\/div>\n<div><b>M\u00e1s de $9.300 millones\u00a0<\/b><\/div>\n<div><\/div>\n<div>En concepto de pago del Plus Unificado de octubre, el Gobierno de Corrientes volcar\u00e1 al mercado local m\u00e1s de $9.335 millones.<\/div>\n<div><\/div>\n<div>Importa se\u00f1alar que, en concepto de pago del Plus de Refuerzo, que por agente es de $100 mil, la Provincia inyecta otros m\u00e1s de $8.900 millones.<\/div>\n<div><\/div>\n<div>En tanto que, para liquidar los haberes de los agentes de la administraci\u00f3n p\u00fablica provincial, se volcar\u00e1n $115 mil millones.<\/div>\n<div><\/div>\n<div>El acumulado de octubre en concepto de pago de Ingreso Salarial Mensual ascender\u00e1 a m\u00e1s de $133.235 millones.<\/div>\n<div><\/div>\n<div>\n<div class=\"separator\"><a href=\"https:\/\/blogger.googleusercontent.com\/img\/b\/R29vZ2xl\/AVvXsEh5iYFu3ajFnzgxPW-PmJukJAoU15Jgcj1zyzChpwL8ILeTcdgD1D0uKmBOLyDr1XMjmCaxo3E4mzqPTMC5wynAWo4EjgZQGJBhkfnvWlc4KXM3m5xddFHprEoYfRs1o6ZdROj3RjU4ndPoqLF0pq7N51X5uErqS2nelJNi3KAE9YsSqhWiOPFxWmnASbkq\/s1206\/4fc2a056e0bfcc77fb37ad34828dd76e46b7a5a7.webp\"><img loading=\"lazy\" decoding=\"async\" src=\"https:\/\/blogger.googleusercontent.com\/img\/b\/R29vZ2xl\/AVvXsEh5iYFu3ajFnzgxPW-PmJukJAoU15Jgcj1zyzChpwL8ILeTcdgD1D0uKmBOLyDr1XMjmCaxo3E4mzqPTMC5wynAWo4EjgZQGJBhkfnvWlc4KXM3m5xddFHprEoYfRs1o6ZdROj3RjU4ndPoqLF0pq7N51X5uErqS2nelJNi3KAE9YsSqhWiOPFxWmnASbkq\/w640-h640\/4fc2a056e0bfcc77fb37ad34828dd76e46b7a5a7.webp\" width=\"640\" height=\"640\" border=\"0\" data-original-height=\"1206\" data-original-width=\"1206\" \/><\/a><\/div>\n<\/div>\n","protected":false},"excerpt":{"rendered":"<p>Provinciales 7 de Octubre de 2025 El gobernador Gustavo Vald\u00e9s adelant\u00f3 que la liquidaci\u00f3n del cronograma del Adicional Remunerativo Mensual ser\u00e1 entre este jueves 9 y el pr\u00f3ximo 16. El beneficio es de $110 por agente de la administraci\u00f3n p\u00fablica provincial, activo, jubilado y pensionado. A trav\u00e9s de sus redes sociales, @gustavovaldesok, comunic\u00f3 el pago [&hellip;]<\/p>\n","protected":false},"author":2,"featured_media":1482,"comment_status":"open","ping_status":"open","sticky":false,"template":"","format":"standard","meta":{"footnotes":""},"categories":[65],"tags":[],"class_list":{"0":"post-1481","1":"post","2":"type-post","3":"status-publish","4":"format-standard","5":"has-post-thumbnail","7":"category-economia"},"_links":{"self":[{"href":"https:\/\/elpueblonoticia.com.ar\/web\/wp-json\/wp\/v2\/posts\/1481","targetHints":{"allow":["GET"]}}],"collection":[{"href":"https:\/\/elpueblonoticia.com.ar\/web\/wp-json\/wp\/v2\/posts"}],"about":[{"href":"https:\/\/elpueblonoticia.com.ar\/web\/wp-json\/wp\/v2\/types\/post"}],"author":[{"embeddable":true,"href":"https:\/\/elpueblonoticia.com.ar\/web\/wp-json\/wp\/v2\/users\/2"}],"replies":[{"embeddable":true,"href":"https:\/\/elpueblonoticia.com.ar\/web\/wp-json\/wp\/v2\/comments?post=1481"}],"version-history":[{"count":0,"href":"https:\/\/elpueblonoticia.com.ar\/web\/wp-json\/wp\/v2\/posts\/1481\/revisions"}],"wp:featuredmedia":[{"embeddable":true,"href":"https:\/\/elpueblonoticia.com.ar\/web\/wp-json\/wp\/v2\/media\/1482"}],"wp:attachment":[{"href":"https:\/\/elpueblonoticia.com.ar\/web\/wp-json\/wp\/v2\/media?parent=1481"}],"wp:term":[{"taxonomy":"category","embeddable":true,"href":"https:\/\/elpueblonoticia.com.ar\/web\/wp-json\/wp\/v2\/categories?post=1481"},{"taxonomy":"post_tag","embeddable":true,"href":"https:\/\/elpueblonoticia.com.ar\/web\/wp-json\/wp\/v2\/tags?post=1481"}],"curies":[{"name":"wp","href":"https:\/\/api.w.org\/{rel}","templated":true}]}}