{"id":1478,"date":"2025-10-07T09:52:20","date_gmt":"2025-10-07T12:52:20","guid":{"rendered":"https:\/\/elpueblonoticia.com.ar\/web\/?p=1478"},"modified":"2025-10-07T09:52:20","modified_gmt":"2025-10-07T12:52:20","slug":"el-municipio-realizara-un-nuevo-operativo-oftalmologico-gratuito","status":"publish","type":"post","link":"https:\/\/elpueblonoticia.com.ar\/web\/2025\/10\/07\/el-municipio-realizara-un-nuevo-operativo-oftalmologico-gratuito\/","title":{"rendered":"El municipio realizar\u00e1 un nuevo operativo Oftalmologico gratuito"},"content":{"rendered":"<p><strong>Interes general<\/strong><\/p>\n<p>7 de Octubre de 2025<\/p>\n<p>&nbsp;<\/p>\n<div class=\"xdj266r x14z9mp xat24cr x1lziwak x1vvkbs x126k92a\">\n<div dir=\"auto\">El Municipio de Paso de los Libres, a trav\u00e9s de la Direcci\u00f3n de Intervenci\u00f3n Comunitaria, llevar\u00e1 adelante un nuevo Operativo Oftalmol\u00f3gico el pr\u00f3ximo jueves 9 de octubre desde las 8 horas en el Polideportivo Diego Armando Maradona.<\/div>\n<div dir=\"auto\"><\/div>\n<\/div>\n<div class=\"x14z9mp xat24cr x1lziwak x1vvkbs xtlvy1s x126k92a\">\n<div dir=\"auto\">Durante la jornada, los vecinos podr\u00e1n acceder a consultas oftalmol\u00f3gicas gratuitas, adem\u00e1s de recibir marcos sin costo y cristales subsidiados, con valores desde $38.000 en adelante, seg\u00fan la graduaci\u00f3n de cada paciente.<\/div>\n<\/div>\n<div class=\"x14z9mp xat24cr x1lziwak x1vvkbs xtlvy1s x126k92a\">\n<div dir=\"auto\">El operativo contempla una se\u00f1a del 50% del costo del cristal al momento del pedido, y el saldo restante al momento de la entrega. La iniciativa busca facilitar el acceso a controles visuales y a elementos \u00f3pticos de calidad a precios accesibles, priorizando la salud visual de los libre\u00f1os.<\/div>\n<div dir=\"auto\"><\/div>\n<\/div>\n<div class=\"x14z9mp xat24cr x1lziwak x1vvkbs xtlvy1s x126k92a\">\n<div dir=\"auto\">Estas acciones contin\u00faan promoviendo las pol\u00edticas impulsadas por la gesti\u00f3n del intendente Mart\u00edn \u201cTincho\u201d Asc\u00faa, en pos de la inclusi\u00f3n, la prevenci\u00f3n y el cuidado integral de la salud de la comunidad de Paso de los Libres.<\/div>\n<\/div>\n","protected":false},"excerpt":{"rendered":"<p>Interes general 7 de Octubre de 2025 &nbsp; El Municipio de Paso de los Libres, a trav\u00e9s de la Direcci\u00f3n de Intervenci\u00f3n Comunitaria, llevar\u00e1 adelante un nuevo Operativo Oftalmol\u00f3gico el pr\u00f3ximo jueves 9 de octubre desde las 8 horas en el Polideportivo Diego Armando Maradona. Durante la jornada, los vecinos podr\u00e1n acceder a consultas oftalmol\u00f3gicas [&hellip;]<\/p>\n","protected":false},"author":2,"featured_media":1479,"comment_status":"open","ping_status":"open","sticky":false,"template":"","format":"standard","meta":{"footnotes":""},"categories":[77],"tags":[],"class_list":{"0":"post-1478","1":"post","2":"type-post","3":"status-publish","4":"format-standard","5":"has-post-thumbnail","7":"category-paso-de-los-libres"},"_links":{"self":[{"href":"https:\/\/elpueblonoticia.com.ar\/web\/wp-json\/wp\/v2\/posts\/1478","targetHints":{"allow":["GET"]}}],"collection":[{"href":"https:\/\/elpueblonoticia.com.ar\/web\/wp-json\/wp\/v2\/posts"}],"about":[{"href":"https:\/\/elpueblonoticia.com.ar\/web\/wp-json\/wp\/v2\/types\/post"}],"author":[{"embeddable":true,"href":"https:\/\/elpueblonoticia.com.ar\/web\/wp-json\/wp\/v2\/users\/2"}],"replies":[{"embeddable":true,"href":"https:\/\/elpueblonoticia.com.ar\/web\/wp-json\/wp\/v2\/comments?post=1478"}],"version-history":[{"count":0,"href":"https:\/\/elpueblonoticia.com.ar\/web\/wp-json\/wp\/v2\/posts\/1478\/revisions"}],"wp:featuredmedia":[{"embeddable":true,"href":"https:\/\/elpueblonoticia.com.ar\/web\/wp-json\/wp\/v2\/media\/1479"}],"wp:attachment":[{"href":"https:\/\/elpueblonoticia.com.ar\/web\/wp-json\/wp\/v2\/media?parent=1478"}],"wp:term":[{"taxonomy":"category","embeddable":true,"href":"https:\/\/elpueblonoticia.com.ar\/web\/wp-json\/wp\/v2\/categories?post=1478"},{"taxonomy":"post_tag","embeddable":true,"href":"https:\/\/elpueblonoticia.com.ar\/web\/wp-json\/wp\/v2\/tags?post=1478"}],"curies":[{"name":"wp","href":"https:\/\/api.w.org\/{rel}","templated":true}]}}