{"id":1473,"date":"2025-10-07T09:36:47","date_gmt":"2025-10-07T12:36:47","guid":{"rendered":"https:\/\/elpueblonoticia.com.ar\/web\/?p=1473"},"modified":"2025-10-07T09:36:47","modified_gmt":"2025-10-07T12:36:47","slug":"este-martes-inauguran-el-nuevo-santuario-del-gauchito-gil","status":"publish","type":"post","link":"https:\/\/elpueblonoticia.com.ar\/web\/2025\/10\/07\/este-martes-inauguran-el-nuevo-santuario-del-gauchito-gil\/","title":{"rendered":"Este martes inauguran el nuevo  Santuario del Gauchito Gil"},"content":{"rendered":"<p><strong>Informaci\u00f3n general<\/strong><\/p>\n<p>7 de Octubre de 2025<\/p>\n<p>El gobernador Gustavo Vald\u00e9s inaugurar\u00e1 este martes el renovado e imponente santuario del Gauchito Gil, en Mercedes. Los trabajos en el lugar comenzaron en agosto de 2024, con el fin de transformar las 25 hect\u00e1reas del predio donado a la Asociaci\u00f3n Civil Gauchito Gil en un complejo ordenado y funcional para los fieles de todo el pa\u00eds. El acto est\u00e1 previsto para las 11 en el predio ubicado a la vera de la ruta provincial N\u00b0 123.<\/p>\n<p><img loading=\"lazy\" decoding=\"async\" class=\"alignnone size-medium wp-image-1474\" src=\"https:\/\/elpueblonoticia.com.ar\/web\/wp-content\/uploads\/2025\/10\/557341409_1128623509244785_4106852420740691089_n-240x300.jpg\" alt=\"\" width=\"240\" height=\"300\" srcset=\"https:\/\/elpueblonoticia.com.ar\/web\/wp-content\/uploads\/2025\/10\/557341409_1128623509244785_4106852420740691089_n-240x300.jpg 240w, https:\/\/elpueblonoticia.com.ar\/web\/wp-content\/uploads\/2025\/10\/557341409_1128623509244785_4106852420740691089_n-819x1024.jpg 819w, https:\/\/elpueblonoticia.com.ar\/web\/wp-content\/uploads\/2025\/10\/557341409_1128623509244785_4106852420740691089_n-768x960.jpg 768w, https:\/\/elpueblonoticia.com.ar\/web\/wp-content\/uploads\/2025\/10\/557341409_1128623509244785_4106852420740691089_n-336x420.jpg 336w, https:\/\/elpueblonoticia.com.ar\/web\/wp-content\/uploads\/2025\/10\/557341409_1128623509244785_4106852420740691089_n-696x870.jpg 696w, https:\/\/elpueblonoticia.com.ar\/web\/wp-content\/uploads\/2025\/10\/557341409_1128623509244785_4106852420740691089_n-1068x1335.jpg 1068w, https:\/\/elpueblonoticia.com.ar\/web\/wp-content\/uploads\/2025\/10\/557341409_1128623509244785_4106852420740691089_n.jpg 1080w\" sizes=\"auto, (max-width: 240px) 100vw, 240px\" \/><\/p>\n<div class=\"x14z9mp xat24cr x1lziwak x1vvkbs xtlvy1s x126k92a\">\n<div dir=\"auto\">&#8220;El imponente santuario, eje del predio, tiene una superficie de 435 m\u00b2 y cuenta tanto con un atrio como con un oratorio&#8221;, public\u00f3 Vald\u00e9s tiempo atr\u00e1s en su cuenta de X, cuando las obras presentaban un avanzado porcentaje de avance.<\/div>\n<\/div>\n<div class=\"x14z9mp xat24cr x1lziwak x1vvkbs xtlvy1s x126k92a\">\n<div dir=\"auto\">&#8220;Adem\u00e1s, habr\u00e1 locales comerciales y gastron\u00f3micos, camping, anfiteatro, \u00e1reas de alojamiento y recreaci\u00f3n y un estacionamiento&#8221;, agreg\u00f3 en esa ocasi\u00f3n y record\u00f3: &#8220;Este sitio de devoci\u00f3n popular fue integralmente intervenido: se lo dot\u00f3 de infraestructura y de servicios para modernizarlo, haci\u00e9ndolo m\u00e1s seguro para los creyentes de todo el pa\u00eds que lo visitan&#8221;.<\/div>\n<div dir=\"auto\"><img loading=\"lazy\" decoding=\"async\" class=\"alignnone size-medium wp-image-1475\" src=\"https:\/\/elpueblonoticia.com.ar\/web\/wp-content\/uploads\/2025\/10\/558862496_1128623559244780_3605181109036239817_n-226x300.jpg\" alt=\"\" width=\"226\" height=\"300\" srcset=\"https:\/\/elpueblonoticia.com.ar\/web\/wp-content\/uploads\/2025\/10\/558862496_1128623559244780_3605181109036239817_n-226x300.jpg 226w, https:\/\/elpueblonoticia.com.ar\/web\/wp-content\/uploads\/2025\/10\/558862496_1128623559244780_3605181109036239817_n-772x1024.jpg 772w, https:\/\/elpueblonoticia.com.ar\/web\/wp-content\/uploads\/2025\/10\/558862496_1128623559244780_3605181109036239817_n-768x1018.jpg 768w, https:\/\/elpueblonoticia.com.ar\/web\/wp-content\/uploads\/2025\/10\/558862496_1128623559244780_3605181109036239817_n-317x420.jpg 317w, https:\/\/elpueblonoticia.com.ar\/web\/wp-content\/uploads\/2025\/10\/558862496_1128623559244780_3605181109036239817_n-696x923.jpg 696w, https:\/\/elpueblonoticia.com.ar\/web\/wp-content\/uploads\/2025\/10\/558862496_1128623559244780_3605181109036239817_n-1068x1416.jpg 1068w, https:\/\/elpueblonoticia.com.ar\/web\/wp-content\/uploads\/2025\/10\/558862496_1128623559244780_3605181109036239817_n.jpg 1080w\" sizes=\"auto, (max-width: 226px) 100vw, 226px\" \/><\/div>\n<\/div>\n","protected":false},"excerpt":{"rendered":"<p>Informaci\u00f3n general 7 de Octubre de 2025 El gobernador Gustavo Vald\u00e9s inaugurar\u00e1 este martes el renovado e imponente santuario del Gauchito Gil, en Mercedes. Los trabajos en el lugar comenzaron en agosto de 2024, con el fin de transformar las 25 hect\u00e1reas del predio donado a la Asociaci\u00f3n Civil Gauchito Gil en un complejo ordenado [&hellip;]<\/p>\n","protected":false},"author":2,"featured_media":1476,"comment_status":"open","ping_status":"open","sticky":false,"template":"","format":"standard","meta":{"footnotes":""},"categories":[72],"tags":[],"class_list":{"0":"post-1473","1":"post","2":"type-post","3":"status-publish","4":"format-standard","5":"has-post-thumbnail","7":"category-provinciales"},"_links":{"self":[{"href":"https:\/\/elpueblonoticia.com.ar\/web\/wp-json\/wp\/v2\/posts\/1473","targetHints":{"allow":["GET"]}}],"collection":[{"href":"https:\/\/elpueblonoticia.com.ar\/web\/wp-json\/wp\/v2\/posts"}],"about":[{"href":"https:\/\/elpueblonoticia.com.ar\/web\/wp-json\/wp\/v2\/types\/post"}],"author":[{"embeddable":true,"href":"https:\/\/elpueblonoticia.com.ar\/web\/wp-json\/wp\/v2\/users\/2"}],"replies":[{"embeddable":true,"href":"https:\/\/elpueblonoticia.com.ar\/web\/wp-json\/wp\/v2\/comments?post=1473"}],"version-history":[{"count":0,"href":"https:\/\/elpueblonoticia.com.ar\/web\/wp-json\/wp\/v2\/posts\/1473\/revisions"}],"wp:featuredmedia":[{"embeddable":true,"href":"https:\/\/elpueblonoticia.com.ar\/web\/wp-json\/wp\/v2\/media\/1476"}],"wp:attachment":[{"href":"https:\/\/elpueblonoticia.com.ar\/web\/wp-json\/wp\/v2\/media?parent=1473"}],"wp:term":[{"taxonomy":"category","embeddable":true,"href":"https:\/\/elpueblonoticia.com.ar\/web\/wp-json\/wp\/v2\/categories?post=1473"},{"taxonomy":"post_tag","embeddable":true,"href":"https:\/\/elpueblonoticia.com.ar\/web\/wp-json\/wp\/v2\/tags?post=1473"}],"curies":[{"name":"wp","href":"https:\/\/api.w.org\/{rel}","templated":true}]}}