{"id":1439,"date":"2025-10-06T11:39:31","date_gmt":"2025-10-06T14:39:31","guid":{"rendered":"https:\/\/elpueblonoticia.com.ar\/web\/?p=1439"},"modified":"2025-10-06T11:39:31","modified_gmt":"2025-10-06T14:39:31","slug":"sistema-electrico-el-epre-advierte-una-falta-de-inversion-de-6-500-millones-de-dolares-y-corrientes-esta-en-riesgo-de-colapso","status":"publish","type":"post","link":"https:\/\/elpueblonoticia.com.ar\/web\/2025\/10\/06\/sistema-electrico-el-epre-advierte-una-falta-de-inversion-de-6-500-millones-de-dolares-y-corrientes-esta-en-riesgo-de-colapso\/","title":{"rendered":"Sistema el\u00e9ctrico: el EPRE advierte una falta de inversi\u00f3n de 6.500 millones de d\u00f3lares y Corrientes est\u00e1 en riesgo de colapso"},"content":{"rendered":"<div class=\"article__headline\"><strong>El presidente del organismo, Pablo Cuenca, se\u00f1al\u00f3 que, si bien el sistema provincial est\u00e1 preparado, la provincia sigue atada a la desinversi\u00f3n de la red nacional. El funcionario record\u00f3 que la falta de obras en el sistema de alta tensi\u00f3n expone a la provincia.<\/strong><\/div>\n<p>&nbsp;<\/p>\n<p>En medio de un pron\u00f3stico de temperaturas extremas en\u00a0<strong>Corrientes<\/strong>, el presidente del Ente Provincial Regulador El\u00e9ctrico (<strong>EPRE<\/strong>),\u00a0<strong>Pablo Cuenca<\/strong>, volvi\u00f3 a advertir sobre el panorama energ\u00e9tico para el verano, se\u00f1alando que la falta de inversi\u00f3n del Gobierno nacional en la red de alta tensi\u00f3n es el principal factor de riesgo para el servicio en la provincia.<\/p>\n<p><strong>Cuenca<\/strong>\u00a0record\u00f3 que las altas temperaturas, que se extienden por meses sin una disminuci\u00f3n notoria por la noche, se han convertido en una condici\u00f3n &#8220;natural&#8221; para el NEA. Aunque el sistema provincial ha demostrado estar preparado\u2014superando el pico hist\u00f3rico de consumo de 790 megas\u2014, la provincia est\u00e1\u00a0<strong>&#8220;interconectada a un sistema nacional&#8221;<\/strong>\u00a0sobre el cual no tiene injerencia.<\/p>\n<p>&nbsp;<\/p>\n<p><em>&#8220;Nosotros hacemos los deberes para poder llevarle a los usuarios un servicio con calidad., pero dependemos de lo que nos llegue por las redes de alta tensi\u00f3n que la jurisdicci\u00f3n provincial no tiene ninguna injerencia&#8221;, afirm\u00f3\u00a0<strong>Cuenca<\/strong>.<\/em><\/p>\n<p>&nbsp;<\/p>\n<h2><strong>Falta de inversi\u00f3n, quita de subsidios y colapsos<\/strong><\/h2>\n<p>El titular del\u00a0<strong>EPRE<\/strong>\u00a0critic\u00f3 que la falta de inversi\u00f3n en infraestructura, sumada a la\u00a0<strong>quita de subsidios<\/strong>\u00a0por parte del Gobierno nacional, complican el panorama. Subray\u00f3 que la desinversi\u00f3n en la red nacional se arrastra desde hace a\u00f1os y requiere una cifra cercana a los\u00a0<strong>6.500 millones de d\u00f3lares<\/strong>.<\/p>\n<p><strong>Cuenca<\/strong>\u00a0explic\u00f3 que las obras de infraestructura necesarias (transformadores de gran porte y adecuaciones de l\u00edneas de transmisi\u00f3n) no est\u00e1n disponibles y requieren procesos de fabricaci\u00f3n que superan los\u00a0<strong>12 meses<\/strong>.<\/p>\n<p>En declaraciones a radio La Red Corrientes, el funcionario advirti\u00f3 sobre el riesgo inminente de\u00a0<strong>cortes de suministro<\/strong>\u00a0debido al desequilibrio de la red:<\/p>\n<ul>\n<li><strong>Riesgo por interconexi\u00f3n:<\/strong>\u00a0El sistema de alta tensi\u00f3n trabaja en un &#8220;equilibrio perfecto&#8221; entre lo que se consume y lo que se genera.<\/li>\n<li><strong>Colapsos por terceros:<\/strong>\u00a0Cualquier perturbaci\u00f3n o falla en el equipamiento instalado en provincias vecinas (como\u00a0<strong>Chaco<\/strong>\u00a0o\u00a0<strong>Formosa<\/strong>) provoca que los sistemas de protecci\u00f3n act\u00faen, generando\u00a0<strong>desconexiones<\/strong>\u00a0que tienen efecto directo en\u00a0<strong>Corrientes<\/strong>.<\/li>\n<\/ul>\n<p>&#8220;En el mes de febrero de este a\u00f1o nosotros tuvimos m\u00e1s colapsos que d\u00edas h\u00e1biles&#8221;, alert\u00f3\u00a0<strong>Cuenca<\/strong>, se\u00f1alando que estos incidentes ocurren en el horario pico, cuando el consumo se dispara por el uso de aires acondicionados.<\/p>\n<h2><strong>Subsidios: 35% de usuarios sin cobertura<\/strong><\/h2>\n<p>Respecto al esquema tarifario,\u00a0<strong>Cuenca<\/strong>\u00a0aclar\u00f3 que la asignaci\u00f3n y la informaci\u00f3n sobre los\u00a0<strong>subsidios<\/strong>\u00a0es gestionada exclusivamente por el\u00a0<strong>Estado Nacional<\/strong>.<\/p>\n<p>Seg\u00fan los \u00faltimos registros a los que tuvo acceso la provincia, la cobertura se aplica solo sobre usuarios residenciales y alcanza aproximadamente al\u00a0<strong>65%<\/strong>\u00a0de los usuarios.<\/p>\n<p>Esto significa que, de manera aproximada, unos\u00a0<strong>97.000 usuarios correntinos<\/strong>\u00a0actualmente\u00a0<strong>no tienen cobertura<\/strong>\u00a0del Estado Nacional, mientras que cerca de 200.000 s\u00ed la tienen. El funcionario record\u00f3 que el registro para acceder al subsidio permanece abierto y se realiza \u00fanicamente a trav\u00e9s de plataformas virtuales.<\/p>\n","protected":false},"excerpt":{"rendered":"<p>El presidente del organismo, Pablo Cuenca, se\u00f1al\u00f3 que, si bien el sistema provincial est\u00e1 preparado, la provincia sigue atada a la desinversi\u00f3n de la red nacional. El funcionario record\u00f3 que la falta de obras en el sistema de alta tensi\u00f3n expone a la provincia. &nbsp; En medio de un pron\u00f3stico de temperaturas extremas en\u00a0Corrientes, el [&hellip;]<\/p>\n","protected":false},"author":2,"featured_media":1440,"comment_status":"open","ping_status":"open","sticky":false,"template":"","format":"standard","meta":{"footnotes":""},"categories":[64],"tags":[],"class_list":{"0":"post-1439","1":"post","2":"type-post","3":"status-publish","4":"format-standard","5":"has-post-thumbnail","7":"category-nacionales"},"_links":{"self":[{"href":"https:\/\/elpueblonoticia.com.ar\/web\/wp-json\/wp\/v2\/posts\/1439","targetHints":{"allow":["GET"]}}],"collection":[{"href":"https:\/\/elpueblonoticia.com.ar\/web\/wp-json\/wp\/v2\/posts"}],"about":[{"href":"https:\/\/elpueblonoticia.com.ar\/web\/wp-json\/wp\/v2\/types\/post"}],"author":[{"embeddable":true,"href":"https:\/\/elpueblonoticia.com.ar\/web\/wp-json\/wp\/v2\/users\/2"}],"replies":[{"embeddable":true,"href":"https:\/\/elpueblonoticia.com.ar\/web\/wp-json\/wp\/v2\/comments?post=1439"}],"version-history":[{"count":0,"href":"https:\/\/elpueblonoticia.com.ar\/web\/wp-json\/wp\/v2\/posts\/1439\/revisions"}],"wp:featuredmedia":[{"embeddable":true,"href":"https:\/\/elpueblonoticia.com.ar\/web\/wp-json\/wp\/v2\/media\/1440"}],"wp:attachment":[{"href":"https:\/\/elpueblonoticia.com.ar\/web\/wp-json\/wp\/v2\/media?parent=1439"}],"wp:term":[{"taxonomy":"category","embeddable":true,"href":"https:\/\/elpueblonoticia.com.ar\/web\/wp-json\/wp\/v2\/categories?post=1439"},{"taxonomy":"post_tag","embeddable":true,"href":"https:\/\/elpueblonoticia.com.ar\/web\/wp-json\/wp\/v2\/tags?post=1439"}],"curies":[{"name":"wp","href":"https:\/\/api.w.org\/{rel}","templated":true}]}}