{"id":1434,"date":"2025-10-06T11:33:37","date_gmt":"2025-10-06T14:33:37","guid":{"rendered":"https:\/\/elpueblonoticia.com.ar\/web\/?p=1434"},"modified":"2025-10-06T11:33:37","modified_gmt":"2025-10-06T14:33:37","slug":"la-virgen-del-rosario-historia-y-tradicion-que-da-identidad-a-los-goyanos","status":"publish","type":"post","link":"https:\/\/elpueblonoticia.com.ar\/web\/2025\/10\/06\/la-virgen-del-rosario-historia-y-tradicion-que-da-identidad-a-los-goyanos\/","title":{"rendered":"La Virgen del Rosario, historia y tradici\u00f3n que da identidad a los goyanos"},"content":{"rendered":"<div id=\"modalIntrotext\">\n<div><img loading=\"lazy\" decoding=\"async\" class=\"alignnone size-medium wp-image-1436\" src=\"https:\/\/elpueblonoticia.com.ar\/web\/wp-content\/uploads\/2025\/10\/descarga-300x225.jpg\" alt=\"\" width=\"300\" height=\"225\" srcset=\"https:\/\/elpueblonoticia.com.ar\/web\/wp-content\/uploads\/2025\/10\/descarga-300x225.jpg 300w, https:\/\/elpueblonoticia.com.ar\/web\/wp-content\/uploads\/2025\/10\/descarga-1024x768.jpg 1024w, https:\/\/elpueblonoticia.com.ar\/web\/wp-content\/uploads\/2025\/10\/descarga-768x576.jpg 768w, https:\/\/elpueblonoticia.com.ar\/web\/wp-content\/uploads\/2025\/10\/descarga-1536x1152.jpg 1536w, https:\/\/elpueblonoticia.com.ar\/web\/wp-content\/uploads\/2025\/10\/descarga-2048x1536.jpg 2048w, https:\/\/elpueblonoticia.com.ar\/web\/wp-content\/uploads\/2025\/10\/descarga-560x420.jpg 560w, https:\/\/elpueblonoticia.com.ar\/web\/wp-content\/uploads\/2025\/10\/descarga-80x60.jpg 80w, https:\/\/elpueblonoticia.com.ar\/web\/wp-content\/uploads\/2025\/10\/descarga-696x522.jpg 696w, https:\/\/elpueblonoticia.com.ar\/web\/wp-content\/uploads\/2025\/10\/descarga-1068x801.jpg 1068w, https:\/\/elpueblonoticia.com.ar\/web\/wp-content\/uploads\/2025\/10\/descarga-265x198.jpg 265w\" sizes=\"auto, (max-width: 300px) 100vw, 300px\" \/><\/div>\n<div>\u00c9ste 7 de octubre los goyanos renovar\u00e1n su fe y devoci\u00f3n a la V\u00edrgen del Rosario, madre y patrona del departamento, desde tiempos fundacionales. La historia, es la forma espiritual en que una cultura se rinde cuentas de su pasado, nada m\u00e1s apropiado para hacer referencia a los or\u00edgenes de esta ciudad. Nuestra ciudad naci\u00f3 a impulso de esp\u00edritus. Sus pobladores en el primer acto comunitario y reunidos por una misma fe, reclamaron de las autoridades eclesiales, como profesantes de la fe cristiana cat\u00f3lica, un lugar para juntarse para profesarla y compartirla.<\/div>\n<div><\/div>\n<\/div>\n<div id=\"modalFulltext\">\n<div>A medidas de que Goya crec\u00eda como ciudad, la Virgen del Rosario siempre est\u00e1 presente.<\/div>\n<div><\/div>\n<div>En 1825, Pedro Ferr\u00e9, era el gobernador y declar\u00f3 por el crecimiento poblacional como Villa del Rosario.<\/div>\n<div><\/div>\n<div><\/div>\n<div>Cuando se cumpli\u00f3 el centenario y despu\u00e9s el sesquicentenario, la Municipalidad de Goya, cuando era intendente el contador Jorge Mazaro y el viceintendente doctor Daniel Merello, se festej\u00f3 el 7 de octubre, eso quiere decir, que ya en el \u00e1mbito oficial estaba reconocido por la gente \u00e9sta fecha como el d\u00eda que identificada, como fecha no consagrada la fundaci\u00f3n de Goya, porque es la celebraci\u00f3n de la patrona de Goya, la Virgen del Rosario.<\/div>\n<div><\/div>\n<div>Cuando fundamos nuestra posici\u00f3n de que Goya y sus habitantes desde los albores de la naciente poblaci\u00f3n se identificaron y consagraron, como Madre y Patrona a la Virgen del Rosario y, que dicha creencia, en el devenir del tiempo de tradici\u00f3n y costumbre fue sustentada en la fe en la Madre de Dios, transmitida a las nuevas generaciones a lo largo de m\u00e1s de dos siglos, encontramos respuestas indiferentes cuando no adversas.<\/div>\n<div><\/div>\n<div><\/div>\n<div>Algo as\u00ed como una clara expresi\u00f3n de menosprecio hacia el argumento y su menci\u00f3n, como si ambas, tradici\u00f3n y costumbre carecieran de validez y resultan irrelevantes para tratar esta cuesti\u00f3n de la identidad \u00fanica, en que la Virgen del Rosario, est\u00e1 unida al nacimiento de Goya.<\/div>\n<div><\/div>\n<div>Al recurrir a la gran enciclopedia universal, expl\u00edcita que tradici\u00f3n es comunicaci\u00f3n de hechos, noticias, composiciones literarias, doctrinas, costumbres transmitidas de generaci\u00f3n en generaci\u00f3n y, otra acepci\u00f3n explica \u00b4noticia de un hecho ant\u00edguo transmitida\u00b4 y la tercera afirma &#8221; doctrina, costumbre, conservadas en un pueblo por transmisi\u00f3n de padres a hijos&#8221;.<\/div>\n<div><\/div>\n<div>El aserto popular que dice &#8220;costumbre hace ley&#8221;, condice con el &#8220;derecho consuetudinario&#8221; que viene del latin \u00b4consuetudo\u00b4 que significa costumbre y de all\u00ed nace la figura jur\u00eddica Derecho Consuetudinario y esto le otorga car\u00e1cter de norma legal.<\/div>\n<div><\/div>\n<div>Es f\u00e1cil deducir y reconocer en el tiempo, la tradici\u00f3n, la costumbre y la fe que hicieron coincidir en una sola identidad a Goya y a su patrona. La Virgen del Rosario.<\/div>\n<div><\/div>\n<div>Esto sostiene un derecho inalienable, como patrimonio espiritual intransferible, quiere decir todo esto, que es un derecho leg\u00edtimo sostener que Goya y la Virgen del Rosario, tienen ganado toda identidad, por lo tanto la mayor\u00eda de los goyanos proponen no innovar con una decisi\u00f3n en contrario que afectar\u00e1 el esp\u00edritu de la gente y de la propia historia.<\/div>\n<div><\/div>\n<div>Los goyanos debemos saber que en la \u00faltima sesi\u00f3n del Honorable Consejo Deliberante se present\u00f3 un proyecto de ordenanza fijando el 7 de noviembre como fecha de la primera radicaci\u00f3n de la ciudad de Goya, separando de esta forma a la fiesta lit\u00fargica que da identidad a esta ciudad.<\/div>\n<div><\/div>\n<div>El Obispo propone se haga una consulta amplia a todos los goyanos.<\/div>\n<div><\/div>\n<div>Los concejales dieron cabida a lo siguiente: Proyecto de Ordenanza: Instituir y declarar de inter\u00e9s Municipal el 09 de noviembre como d\u00eda de la Primera Radicaci\u00f3n Hist\u00f3rica de Goya. Autores: Merlo, Zorzoli, Refojos, Cortinovis, Novello, Mazzaro, Sebasti\u00e1n hijo del ex intendente, Frattini y Quiroz. Presentado por: Merlo, Zorzoli, Refojos, Cortinovis, Novello, Mazzaro Sebasti\u00e1n, Frattini y Quiroz. Se remiti\u00f3 a las comisiones de Cultura y de Legislaci\u00f3n.-<\/div>\n<div><\/div>\n<div><\/div>\n<div>Texto Carlos G\u00f3mez Mu\u00f1\u00f3z-<\/div>\n<\/div>\n","protected":false},"excerpt":{"rendered":"<p>\u00c9ste 7 de octubre los goyanos renovar\u00e1n su fe y devoci\u00f3n a la V\u00edrgen del Rosario, madre y patrona del departamento, desde tiempos fundacionales. La historia, es la forma espiritual en que una cultura se rinde cuentas de su pasado, nada m\u00e1s apropiado para hacer referencia a los or\u00edgenes de esta ciudad. Nuestra ciudad naci\u00f3 [&hellip;]<\/p>\n","protected":false},"author":2,"featured_media":1435,"comment_status":"open","ping_status":"open","sticky":false,"template":"","format":"standard","meta":{"footnotes":""},"categories":[56],"tags":[],"class_list":{"0":"post-1434","1":"post","2":"type-post","3":"status-publish","4":"format-standard","5":"has-post-thumbnail","7":"category-locales"},"_links":{"self":[{"href":"https:\/\/elpueblonoticia.com.ar\/web\/wp-json\/wp\/v2\/posts\/1434","targetHints":{"allow":["GET"]}}],"collection":[{"href":"https:\/\/elpueblonoticia.com.ar\/web\/wp-json\/wp\/v2\/posts"}],"about":[{"href":"https:\/\/elpueblonoticia.com.ar\/web\/wp-json\/wp\/v2\/types\/post"}],"author":[{"embeddable":true,"href":"https:\/\/elpueblonoticia.com.ar\/web\/wp-json\/wp\/v2\/users\/2"}],"replies":[{"embeddable":true,"href":"https:\/\/elpueblonoticia.com.ar\/web\/wp-json\/wp\/v2\/comments?post=1434"}],"version-history":[{"count":0,"href":"https:\/\/elpueblonoticia.com.ar\/web\/wp-json\/wp\/v2\/posts\/1434\/revisions"}],"wp:featuredmedia":[{"embeddable":true,"href":"https:\/\/elpueblonoticia.com.ar\/web\/wp-json\/wp\/v2\/media\/1435"}],"wp:attachment":[{"href":"https:\/\/elpueblonoticia.com.ar\/web\/wp-json\/wp\/v2\/media?parent=1434"}],"wp:term":[{"taxonomy":"category","embeddable":true,"href":"https:\/\/elpueblonoticia.com.ar\/web\/wp-json\/wp\/v2\/categories?post=1434"},{"taxonomy":"post_tag","embeddable":true,"href":"https:\/\/elpueblonoticia.com.ar\/web\/wp-json\/wp\/v2\/tags?post=1434"}],"curies":[{"name":"wp","href":"https:\/\/api.w.org\/{rel}","templated":true}]}}