{"id":1430,"date":"2025-10-06T11:21:37","date_gmt":"2025-10-06T14:21:37","guid":{"rendered":"https:\/\/elpueblonoticia.com.ar\/web\/?p=1430"},"modified":"2025-10-06T11:21:37","modified_gmt":"2025-10-06T14:21:37","slug":"disponiendo-asueto-administrativo-por-conmemoracion-del-dia-de-nuestra-senora-del-rosario","status":"publish","type":"post","link":"https:\/\/elpueblonoticia.com.ar\/web\/2025\/10\/06\/disponiendo-asueto-administrativo-por-conmemoracion-del-dia-de-nuestra-senora-del-rosario\/","title":{"rendered":"DISPONIENDO ASUETO ADMINISTRATIVO POR CONMEMORACION DEL DIA DE NUESTRA SE\u00d1ORA DEL ROSARIO"},"content":{"rendered":"<p class=\"x_MsoNormal\" data-olk-copy-source=\"MessageBody\">GOYA, 06 de octubre de 2025<\/p>\n<p class=\"x_MsoNormal\">RESOLUCI\u00d3N N\u00ba 1.701<\/p>\n<p class=\"x_MsoNormal\" data-olk-copy-source=\"MessageBody\">VISTO Y CONSIDERANDO:<\/p>\n<p class=\"x_MsoNormal\">Que, el d\u00eda 07 de octubre se conmemora en Goya la Fiesta Patronal en honor a la Virgen del Rosario, patrona de nuestra ciudad como as\u00ed tambi\u00e9n el Aniversario desde que fuese elevada al rango de Ciudad.<\/p>\n<p class=\"x_MsoNormal\">Que, por tal motivo, la Municipalidad de Goya considera pertinente disponer asueto administrativo para todo el personal Municipal el d\u00eda Martes 07 de octubre de 2025, conforme a lo establecido en el Decreto Provincial 2580\/86 con fecha 1 de julio de 1986.<\/p>\n<p class=\"x_MsoNormal\">Por ello;;;<\/p>\n<p class=\"x_MsoNormal\">EL INTENDENTE MUNICIPAL<\/p>\n<p class=\"x_MsoNormal\">RESUELVE:<\/p>\n<p class=\"x_MsoNormal\">ART\u00cdCULO 1\u00ba: DISPONER ASUETO ADMINISTRATIVO para el Personal Municipal el d\u00eda martes 07 de octubre de 2025, en adhesi\u00f3n al \u201cDIA DE LA VIRGEN DE NUESTRA SE\u00d1ORA DEL ROSARIO\u201d.<\/p>\n<p class=\"x_MsoNormal\">ART\u00cdCULO 2\u00ba: El Asueto dispuesto en el art\u00edculo anterior, no contempla a las guardias que en distintas dependencias de la Municipalidad se deben cumplir, a fin de garantizar el funcionamiento de los servicios esenciales que no pueden dejar de prestarse.<\/p>\n<p class=\"x_MsoNormal\">ARTICULO 3\u00ba: COMUN\u00cdQUESE, publ\u00edquese, d\u00e9se al R.M., s\u00e1quese copia para quien corresponda y oportunamente ARCH\u00cdVESE.<\/p>\n<p class=\"x_MsoNormal\" aria-hidden=\"true\">\n<p class=\"x_MsoNormal\">CR. ANTONIO PABLO GIULIANI<\/p>\n<p class=\"x_MsoNormal\">Secretario de Hacienda y Econ.<\/p>\n<p class=\"x_MsoNormal\">A\/C Sec. de Gobierno<\/p>\n<p class=\"x_MsoNormal\" aria-hidden=\"true\">\n<p class=\"x_MsoNormal\">DR. MARIANO HORMAECHEA<\/p>\n<p class=\"x_MsoNormal\">Intendente Municipal<\/p>\n","protected":false},"excerpt":{"rendered":"<p>GOYA, 06 de octubre de 2025 RESOLUCI\u00d3N N\u00ba 1.701 VISTO Y CONSIDERANDO: Que, el d\u00eda 07 de octubre se conmemora en Goya la Fiesta Patronal en honor a la Virgen del Rosario, patrona de nuestra ciudad como as\u00ed tambi\u00e9n el Aniversario desde que fuese elevada al rango de Ciudad. Que, por tal motivo, la Municipalidad [&hellip;]<\/p>\n","protected":false},"author":2,"featured_media":1431,"comment_status":"open","ping_status":"open","sticky":false,"template":"","format":"standard","meta":{"footnotes":""},"categories":[56],"tags":[],"class_list":{"0":"post-1430","1":"post","2":"type-post","3":"status-publish","4":"format-standard","5":"has-post-thumbnail","7":"category-locales"},"_links":{"self":[{"href":"https:\/\/elpueblonoticia.com.ar\/web\/wp-json\/wp\/v2\/posts\/1430","targetHints":{"allow":["GET"]}}],"collection":[{"href":"https:\/\/elpueblonoticia.com.ar\/web\/wp-json\/wp\/v2\/posts"}],"about":[{"href":"https:\/\/elpueblonoticia.com.ar\/web\/wp-json\/wp\/v2\/types\/post"}],"author":[{"embeddable":true,"href":"https:\/\/elpueblonoticia.com.ar\/web\/wp-json\/wp\/v2\/users\/2"}],"replies":[{"embeddable":true,"href":"https:\/\/elpueblonoticia.com.ar\/web\/wp-json\/wp\/v2\/comments?post=1430"}],"version-history":[{"count":0,"href":"https:\/\/elpueblonoticia.com.ar\/web\/wp-json\/wp\/v2\/posts\/1430\/revisions"}],"wp:featuredmedia":[{"embeddable":true,"href":"https:\/\/elpueblonoticia.com.ar\/web\/wp-json\/wp\/v2\/media\/1431"}],"wp:attachment":[{"href":"https:\/\/elpueblonoticia.com.ar\/web\/wp-json\/wp\/v2\/media?parent=1430"}],"wp:term":[{"taxonomy":"category","embeddable":true,"href":"https:\/\/elpueblonoticia.com.ar\/web\/wp-json\/wp\/v2\/categories?post=1430"},{"taxonomy":"post_tag","embeddable":true,"href":"https:\/\/elpueblonoticia.com.ar\/web\/wp-json\/wp\/v2\/tags?post=1430"}],"curies":[{"name":"wp","href":"https:\/\/api.w.org\/{rel}","templated":true}]}}