{"id":1427,"date":"2025-10-06T11:14:06","date_gmt":"2025-10-06T14:14:06","guid":{"rendered":"https:\/\/elpueblonoticia.com.ar\/web\/?p=1427"},"modified":"2025-10-06T11:14:06","modified_gmt":"2025-10-06T14:14:06","slug":"feria-de-ciencia-y-tecnologia-instancia-nacional","status":"publish","type":"post","link":"https:\/\/elpueblonoticia.com.ar\/web\/2025\/10\/06\/feria-de-ciencia-y-tecnologia-instancia-nacional\/","title":{"rendered":"FERIA DE CIENCIA Y TECNOLOG\u00cdA INSTANCIA NACIONAL"},"content":{"rendered":"<p><img loading=\"lazy\" decoding=\"async\" class=\"alignnone size-medium wp-image-1421\" src=\"https:\/\/elpueblonoticia.com.ar\/web\/wp-content\/uploads\/2025\/10\/reconocimieno-esc-254-feria-de-ciencia-300x135.jpg\" alt=\"\" width=\"300\" height=\"135\" srcset=\"https:\/\/elpueblonoticia.com.ar\/web\/wp-content\/uploads\/2025\/10\/reconocimieno-esc-254-feria-de-ciencia-300x135.jpg 300w, https:\/\/elpueblonoticia.com.ar\/web\/wp-content\/uploads\/2025\/10\/reconocimieno-esc-254-feria-de-ciencia-1024x461.jpg 1024w, https:\/\/elpueblonoticia.com.ar\/web\/wp-content\/uploads\/2025\/10\/reconocimieno-esc-254-feria-de-ciencia-768x346.jpg 768w, https:\/\/elpueblonoticia.com.ar\/web\/wp-content\/uploads\/2025\/10\/reconocimieno-esc-254-feria-de-ciencia-933x420.jpg 933w, https:\/\/elpueblonoticia.com.ar\/web\/wp-content\/uploads\/2025\/10\/reconocimieno-esc-254-feria-de-ciencia-696x313.jpg 696w, https:\/\/elpueblonoticia.com.ar\/web\/wp-content\/uploads\/2025\/10\/reconocimieno-esc-254-feria-de-ciencia-1068x481.jpg 1068w, https:\/\/elpueblonoticia.com.ar\/web\/wp-content\/uploads\/2025\/10\/reconocimieno-esc-254-feria-de-ciencia.jpg 1280w\" sizes=\"auto, (max-width: 300px) 100vw, 300px\" \/><\/p>\n<p class=\"x_MsoNormal\"><span data-olk-copy-source=\"MessageBody\">La jornada de clausura sirvi\u00f3 para entregar Distinci\u00f3n y Reconocimientos a las instituciones educativas participantes.<\/span><\/p>\n<p class=\"x_MsoNormal\">La Escuela 254 \u201cPedro Alc\u00e1ntara D\u00edaz Colodrero de Goya\u201d recibi\u00f3 su Diploma de Reconocimiento Nacional<\/p>\n<p class=\"x_MsoNormal\">\n<p class=\"x_MsoNormal\">En la capital misionera, la ciudad de Posadas, el viernes se realiz\u00f3 la jornada final de la Feria de Ciencias y Tecnolog\u00eda, el Eje Matem\u00e1tico<\/p>\n<p class=\"x_MsoNormal\">\n<p class=\"x_MsoNormal\">La Escuela Especial Helen Keller obtuvo la Distinci\u00f3n entregada por la Comisi\u00f3n Nacional de Evaluaci\u00f3n.<\/p>\n<p class=\"x_MsoNormal\">Fue muy fuerte ver a los evaluadores de todo el pa\u00eds emocionados al entregar esa distinci\u00f3n.<\/p>\n<p class=\"x_MsoNormal\">Helen Keller recibi\u00f3 Reconocimiento por Participaci\u00f3n Distinguida, tras lo cual se conoci\u00f3 de inmediato las reacciones de alegr\u00eda y satisfacci\u00f3n por el reconocimiento, por el verdadero sentido de la inclusi\u00f3n: \u201cLa emoci\u00f3n compartida y esta gran experiencia quedan marcadas en nuestros corazones\u201d<\/p>\n<p class=\"x_MsoNormal\">\u201cGracias infinitas a todas las personas que colaboraron con nosotros. Gracias M\u00eda y Marcos por representar con amor nuestra querida escuela. Gracias profes Melisa Aguilar y Bel\u00e9n Navarro, por darlo todo en este hermoso proyecto.<\/p>\n<p class=\"x_MsoNormal\">Esta comunidad educativa los espera orgullosos.\u201d Finalizan las expresiones virilizadas por los directivos y la comunidad educativa toda, desde sus redes oficiales.<\/p>\n<p class=\"x_MsoNormal\">Vale mencionar que los otros tres trabajos de Corrientes, Colegio Secundario Fray Luis Bola\u00f1os de Itat\u00ed, Esc Primaria N\u00b0 13 &#8220;Rep\u00fablica del Per\u00fa&#8221; de Corrientes y la Esc Primaria N\u00b0 254 &#8220;Pedro A. D\u00edaz Colodrero &#8221; de Goya recibieron el diploma de Reconocimiento Nacional.<\/p>\n<p class=\"x_MsoNormal\">\n","protected":false},"excerpt":{"rendered":"<p>La jornada de clausura sirvi\u00f3 para entregar Distinci\u00f3n y Reconocimientos a las instituciones educativas participantes. La Escuela 254 \u201cPedro Alc\u00e1ntara D\u00edaz Colodrero de Goya\u201d recibi\u00f3 su Diploma de Reconocimiento Nacional En la capital misionera, la ciudad de Posadas, el viernes se realiz\u00f3 la jornada final de la Feria de Ciencias y Tecnolog\u00eda, el Eje Matem\u00e1tico [&hellip;]<\/p>\n","protected":false},"author":2,"featured_media":1420,"comment_status":"open","ping_status":"open","sticky":false,"template":"","format":"standard","meta":{"footnotes":""},"categories":[56],"tags":[],"class_list":{"0":"post-1427","1":"post","2":"type-post","3":"status-publish","4":"format-standard","5":"has-post-thumbnail","7":"category-locales"},"_links":{"self":[{"href":"https:\/\/elpueblonoticia.com.ar\/web\/wp-json\/wp\/v2\/posts\/1427","targetHints":{"allow":["GET"]}}],"collection":[{"href":"https:\/\/elpueblonoticia.com.ar\/web\/wp-json\/wp\/v2\/posts"}],"about":[{"href":"https:\/\/elpueblonoticia.com.ar\/web\/wp-json\/wp\/v2\/types\/post"}],"author":[{"embeddable":true,"href":"https:\/\/elpueblonoticia.com.ar\/web\/wp-json\/wp\/v2\/users\/2"}],"replies":[{"embeddable":true,"href":"https:\/\/elpueblonoticia.com.ar\/web\/wp-json\/wp\/v2\/comments?post=1427"}],"version-history":[{"count":0,"href":"https:\/\/elpueblonoticia.com.ar\/web\/wp-json\/wp\/v2\/posts\/1427\/revisions"}],"wp:featuredmedia":[{"embeddable":true,"href":"https:\/\/elpueblonoticia.com.ar\/web\/wp-json\/wp\/v2\/media\/1420"}],"wp:attachment":[{"href":"https:\/\/elpueblonoticia.com.ar\/web\/wp-json\/wp\/v2\/media?parent=1427"}],"wp:term":[{"taxonomy":"category","embeddable":true,"href":"https:\/\/elpueblonoticia.com.ar\/web\/wp-json\/wp\/v2\/categories?post=1427"},{"taxonomy":"post_tag","embeddable":true,"href":"https:\/\/elpueblonoticia.com.ar\/web\/wp-json\/wp\/v2\/tags?post=1427"}],"curies":[{"name":"wp","href":"https:\/\/api.w.org\/{rel}","templated":true}]}}