{"id":1419,"date":"2025-10-06T11:00:23","date_gmt":"2025-10-06T14:00:23","guid":{"rendered":"https:\/\/elpueblonoticia.com.ar\/web\/?p=1419"},"modified":"2025-10-06T11:02:24","modified_gmt":"2025-10-06T14:02:24","slug":"juegos-nacionales-evita","status":"publish","type":"post","link":"https:\/\/elpueblonoticia.com.ar\/web\/2025\/10\/06\/juegos-nacionales-evita\/","title":{"rendered":"JUEGOS NACIONALES \u201cEVITA\u201d"},"content":{"rendered":"<p>&nbsp;<\/p>\n<p class=\"x_MsoNormal\"><span data-olk-copy-source=\"MessageBody\">Satisfactoria participaci\u00f3n de la delegaci\u00f3n correntina en los Juegos Nacionales Evita 2025, la cita que a\u00f1o a a\u00f1o re\u00fane a miles de j\u00f3venes atletas de todo el pa\u00eds en la ciudad de Mar del Plata. En los \u00faltimos d\u00edas de competencias, los deportes convencionales aportaron medallas para la Provincia quedando posicionada entre las 10 mejores del pa\u00eds en el medallero general.<\/span><\/p>\n<p class=\"x_MsoNormal\">La delegaci\u00f3n correntina, coordinada por la Secretar\u00eda de Deportes en conjunto con la Direcci\u00f3n General de Educaci\u00f3n F\u00edsica, cont\u00f3 con el respaldo de una s\u00f3lida inversi\u00f3n presupuestaria impulsada por la pol\u00edtica deportiva del Gobernador Gustavo Vald\u00e9s.<\/p>\n<p class=\"x_MsoNormal\">Este esfuerzo permiti\u00f3 que 375 personas, entre atletas y equipo t\u00e9cnico, vivieran una semana intensa de deportes y experiencias en &#8220;La Feliz&#8221;, desde su llegada el lunes hasta el cierre del evento este s\u00e1bado 4 de octubre, con el regreso en horas del mediod\u00eda.<\/p>\n<p class=\"x_MsoNormal\">En el medallero obtenido por la provincia de Corrientes se destacan los j\u00f3venes atletas de nuestra ciudad que lograron; Bronce en Lanzamiento de Jabalina Estefano Toscani Escuela Municipal de Atletismo (EFA Jaha Cat\u00fa de Tres Bocas); Lautaro Gonz\u00e1lez y Delfina Cardozo en Levantamiento Ol\u00edmpico de Pesas.<\/p>\n<p class=\"x_MsoNormal\">Medalla de Plata para M\u00e1ximo Donini en levantamiento ol\u00edmpico de pesas.<\/p>\n<p class=\"x_MsoNormal\">El entrenador de la disciplina Levantamiento Ol\u00edmpico de Pesas, profesor Ariel Mora, se\u00f1al\u00f3: \u201cPor primera vez en la historia deportiva de Goya se particip\u00f3, clasific\u00f3 a la final y fueron medallistas en la disciplina de Levantamiento Ol\u00edmpico de pesas con tremendo aporte a la provincia, estamos agradecidos a la Municipalidad, a la Direcci\u00f3n de Deportes y a la Secretar\u00eda de Deportes de la Provincia, es inmensa la alegr\u00eda y satisfacci\u00f3n que tenemos con el equipo.\u201d<\/p>\n<p class=\"x_MsoNormal\">De esta manera, Corrientes cerr\u00f3 su participaci\u00f3n en los Juegos Nacionales Evita 2025 con un balance positivo, lleno de orgullo y satisfacci\u00f3n, destacando el talento, la dedicaci\u00f3n y el esp\u00edritu deportivo de sus atletas.<\/p>\n","protected":false},"excerpt":{"rendered":"<p>&nbsp; Satisfactoria participaci\u00f3n de la delegaci\u00f3n correntina en los Juegos Nacionales Evita 2025, la cita que a\u00f1o a a\u00f1o re\u00fane a miles de j\u00f3venes atletas de todo el pa\u00eds en la ciudad de Mar del Plata. En los \u00faltimos d\u00edas de competencias, los deportes convencionales aportaron medallas para la Provincia quedando posicionada entre las 10 [&hellip;]<\/p>\n","protected":false},"author":2,"featured_media":1425,"comment_status":"open","ping_status":"open","sticky":false,"template":"","format":"standard","meta":{"footnotes":""},"categories":[56],"tags":[],"class_list":{"0":"post-1419","1":"post","2":"type-post","3":"status-publish","4":"format-standard","5":"has-post-thumbnail","7":"category-locales"},"_links":{"self":[{"href":"https:\/\/elpueblonoticia.com.ar\/web\/wp-json\/wp\/v2\/posts\/1419","targetHints":{"allow":["GET"]}}],"collection":[{"href":"https:\/\/elpueblonoticia.com.ar\/web\/wp-json\/wp\/v2\/posts"}],"about":[{"href":"https:\/\/elpueblonoticia.com.ar\/web\/wp-json\/wp\/v2\/types\/post"}],"author":[{"embeddable":true,"href":"https:\/\/elpueblonoticia.com.ar\/web\/wp-json\/wp\/v2\/users\/2"}],"replies":[{"embeddable":true,"href":"https:\/\/elpueblonoticia.com.ar\/web\/wp-json\/wp\/v2\/comments?post=1419"}],"version-history":[{"count":0,"href":"https:\/\/elpueblonoticia.com.ar\/web\/wp-json\/wp\/v2\/posts\/1419\/revisions"}],"wp:featuredmedia":[{"embeddable":true,"href":"https:\/\/elpueblonoticia.com.ar\/web\/wp-json\/wp\/v2\/media\/1425"}],"wp:attachment":[{"href":"https:\/\/elpueblonoticia.com.ar\/web\/wp-json\/wp\/v2\/media?parent=1419"}],"wp:term":[{"taxonomy":"category","embeddable":true,"href":"https:\/\/elpueblonoticia.com.ar\/web\/wp-json\/wp\/v2\/categories?post=1419"},{"taxonomy":"post_tag","embeddable":true,"href":"https:\/\/elpueblonoticia.com.ar\/web\/wp-json\/wp\/v2\/tags?post=1419"}],"curies":[{"name":"wp","href":"https:\/\/api.w.org\/{rel}","templated":true}]}}