{"id":1410,"date":"2025-10-06T08:46:42","date_gmt":"2025-10-06T11:46:42","guid":{"rendered":"https:\/\/elpueblonoticia.com.ar\/web\/?p=1410"},"modified":"2025-10-06T08:46:42","modified_gmt":"2025-10-06T11:46:42","slug":"10-minutos-para-vos","status":"publish","type":"post","link":"https:\/\/elpueblonoticia.com.ar\/web\/2025\/10\/06\/10-minutos-para-vos\/","title":{"rendered":"10 Minutos Para Vos"},"content":{"rendered":"<p><img loading=\"lazy\" decoding=\"async\" class=\"alignnone size-medium wp-image-1412\" src=\"https:\/\/elpueblonoticia.com.ar\/web\/wp-content\/uploads\/2025\/10\/jornada-Promocion-de-la-Salud-ISG-FLYR-1-212x300.jpg\" alt=\"\" width=\"212\" height=\"300\" srcset=\"https:\/\/elpueblonoticia.com.ar\/web\/wp-content\/uploads\/2025\/10\/jornada-Promocion-de-la-Salud-ISG-FLYR-1-212x300.jpg 212w, https:\/\/elpueblonoticia.com.ar\/web\/wp-content\/uploads\/2025\/10\/jornada-Promocion-de-la-Salud-ISG-FLYR-1-724x1024.jpg 724w, https:\/\/elpueblonoticia.com.ar\/web\/wp-content\/uploads\/2025\/10\/jornada-Promocion-de-la-Salud-ISG-FLYR-1-768x1086.jpg 768w, https:\/\/elpueblonoticia.com.ar\/web\/wp-content\/uploads\/2025\/10\/jornada-Promocion-de-la-Salud-ISG-FLYR-1-1086x1536.jpg 1086w, https:\/\/elpueblonoticia.com.ar\/web\/wp-content\/uploads\/2025\/10\/jornada-Promocion-de-la-Salud-ISG-FLYR-1-297x420.jpg 297w, https:\/\/elpueblonoticia.com.ar\/web\/wp-content\/uploads\/2025\/10\/jornada-Promocion-de-la-Salud-ISG-FLYR-1-696x985.jpg 696w, https:\/\/elpueblonoticia.com.ar\/web\/wp-content\/uploads\/2025\/10\/jornada-Promocion-de-la-Salud-ISG-FLYR-1-1068x1511.jpg 1068w, https:\/\/elpueblonoticia.com.ar\/web\/wp-content\/uploads\/2025\/10\/jornada-Promocion-de-la-Salud-ISG-FLYR-1.jpg 1131w\" sizes=\"auto, (max-width: 212px) 100vw, 212px\" \/><\/p>\n<p class=\"x_MsoNormal\"><span data-olk-copy-source=\"MessageBody\">JORNADA DE PROMOCI\u00d3N DE SALUD EN ADHESI\u00d3N AL D\u00cdA DEL AGENTE SANITARIO<\/span><\/p>\n<p class=\"x_MsoNormal\">El D\u00eda Nacional del Agente Sanitario en Argentina se celebra el 11 de octubre. Esta fecha tiene como objetivo reconocer y destacar el importante rol que cumplen.<\/p>\n<p class=\"x_MsoNormal\">Actividad promovida por los estudiantes de la carrera de Agente Sanitario del Instituto Superior Goya es la que va a realizarse el pr\u00f3ximo s\u00e1bado 11 de octubre de 8,30 a 12 horas, en plaza Mitre, por calle Belgrano y Espa\u00f1a.<\/p>\n<p class=\"x_MsoNormal\">Los estudiantes de 2do y 3er a\u00f1o de la Tecnicatura Superior en Agente Sanitario y Promotor de la Salud invitan a la Jornada de Promoci\u00f3n de la Salud, enmarcada en el D\u00eda del Agente Sanitario y Promotor de la Salud. Este proyecto surge de la c\u00e1tedra de Pr\u00e1ctica II y III.<\/p>\n<p class=\"x_MsoNormal\">Durante la jornada destinada a personas mayores de 18 a\u00f1os, se realizar\u00e1n controles de la presi\u00f3n arterial y peso, junto a algunas preguntas para evaluar factores de riesgo para la salud.<\/p>\n<p class=\"x_MsoNormal\">La invitaci\u00f3n es a tomarte 10 minutos de tu tiempo, el s\u00e1bado 11 de octubre, desde las 8,30 y hasta las 12 horas, en plaza Mitre, para chequear algunos par\u00e1metros de tu salud.<\/p>\n","protected":false},"excerpt":{"rendered":"<p>JORNADA DE PROMOCI\u00d3N DE SALUD EN ADHESI\u00d3N AL D\u00cdA DEL AGENTE SANITARIO El D\u00eda Nacional del Agente Sanitario en Argentina se celebra el 11 de octubre. Esta fecha tiene como objetivo reconocer y destacar el importante rol que cumplen. Actividad promovida por los estudiantes de la carrera de Agente Sanitario del Instituto Superior Goya es [&hellip;]<\/p>\n","protected":false},"author":2,"featured_media":1411,"comment_status":"open","ping_status":"open","sticky":false,"template":"","format":"standard","meta":{"footnotes":""},"categories":[56],"tags":[],"class_list":{"0":"post-1410","1":"post","2":"type-post","3":"status-publish","4":"format-standard","5":"has-post-thumbnail","7":"category-locales"},"_links":{"self":[{"href":"https:\/\/elpueblonoticia.com.ar\/web\/wp-json\/wp\/v2\/posts\/1410","targetHints":{"allow":["GET"]}}],"collection":[{"href":"https:\/\/elpueblonoticia.com.ar\/web\/wp-json\/wp\/v2\/posts"}],"about":[{"href":"https:\/\/elpueblonoticia.com.ar\/web\/wp-json\/wp\/v2\/types\/post"}],"author":[{"embeddable":true,"href":"https:\/\/elpueblonoticia.com.ar\/web\/wp-json\/wp\/v2\/users\/2"}],"replies":[{"embeddable":true,"href":"https:\/\/elpueblonoticia.com.ar\/web\/wp-json\/wp\/v2\/comments?post=1410"}],"version-history":[{"count":0,"href":"https:\/\/elpueblonoticia.com.ar\/web\/wp-json\/wp\/v2\/posts\/1410\/revisions"}],"wp:featuredmedia":[{"embeddable":true,"href":"https:\/\/elpueblonoticia.com.ar\/web\/wp-json\/wp\/v2\/media\/1411"}],"wp:attachment":[{"href":"https:\/\/elpueblonoticia.com.ar\/web\/wp-json\/wp\/v2\/media?parent=1410"}],"wp:term":[{"taxonomy":"category","embeddable":true,"href":"https:\/\/elpueblonoticia.com.ar\/web\/wp-json\/wp\/v2\/categories?post=1410"},{"taxonomy":"post_tag","embeddable":true,"href":"https:\/\/elpueblonoticia.com.ar\/web\/wp-json\/wp\/v2\/tags?post=1410"}],"curies":[{"name":"wp","href":"https:\/\/api.w.org\/{rel}","templated":true}]}}