{"id":1405,"date":"2025-10-06T07:58:10","date_gmt":"2025-10-06T10:58:10","guid":{"rendered":"https:\/\/elpueblonoticia.com.ar\/web\/?p=1405"},"modified":"2025-10-06T07:58:10","modified_gmt":"2025-10-06T10:58:10","slug":"taller-infancias-y-adolescencias-tecnologicas","status":"publish","type":"post","link":"https:\/\/elpueblonoticia.com.ar\/web\/2025\/10\/06\/taller-infancias-y-adolescencias-tecnologicas\/","title":{"rendered":"TALLER: INFANCIAS Y ADOLESCENCIAS TECNOL\u00d3GICAS"},"content":{"rendered":"<p class=\"x_MsoNormal\"><span data-olk-copy-source=\"MessageBody\">La Direcci\u00f3n de Fortalecimiento Familiar, dependiente de la Secretar\u00eda de Desarrollo Humano y Promoci\u00f3n Social de la Municipalidad de Goya, invita a participar del Taller \u201cInfancias y Adolescencias Tecnol\u00f3gicas\u201d, a realizarse el pr\u00f3ximo 9 de octubre, desde las 14 horas, en la sede del CDI \u201cChamiguitos\u201d.<\/span><\/p>\n<p class=\"x_MsoNormal\">El taller ser\u00e1 desarrollado por los residentes del 5\u00ba a\u00f1o del Profesorado Superior en Ciencias de la Educaci\u00f3n (ISG); contar\u00e1 con la supervisi\u00f3n de los docentes a cargo de la residencia de los futuros docentes, por la Lic. en Psicolog\u00eda Camila Ben\u00edtez de la Direcci\u00f3n de Fortalecimiento Familiar y las Directoras de las dependencias mencionadas.<\/p>\n<p class=\"x_MsoNormal\">\n","protected":false},"excerpt":{"rendered":"<p>La Direcci\u00f3n de Fortalecimiento Familiar, dependiente de la Secretar\u00eda de Desarrollo Humano y Promoci\u00f3n Social de la Municipalidad de Goya, invita a participar del Taller \u201cInfancias y Adolescencias Tecnol\u00f3gicas\u201d, a realizarse el pr\u00f3ximo 9 de octubre, desde las 14 horas, en la sede del CDI \u201cChamiguitos\u201d. El taller ser\u00e1 desarrollado por los residentes del 5\u00ba [&hellip;]<\/p>\n","protected":false},"author":2,"featured_media":1406,"comment_status":"open","ping_status":"open","sticky":false,"template":"","format":"standard","meta":{"footnotes":""},"categories":[56],"tags":[],"class_list":{"0":"post-1405","1":"post","2":"type-post","3":"status-publish","4":"format-standard","5":"has-post-thumbnail","7":"category-locales"},"_links":{"self":[{"href":"https:\/\/elpueblonoticia.com.ar\/web\/wp-json\/wp\/v2\/posts\/1405","targetHints":{"allow":["GET"]}}],"collection":[{"href":"https:\/\/elpueblonoticia.com.ar\/web\/wp-json\/wp\/v2\/posts"}],"about":[{"href":"https:\/\/elpueblonoticia.com.ar\/web\/wp-json\/wp\/v2\/types\/post"}],"author":[{"embeddable":true,"href":"https:\/\/elpueblonoticia.com.ar\/web\/wp-json\/wp\/v2\/users\/2"}],"replies":[{"embeddable":true,"href":"https:\/\/elpueblonoticia.com.ar\/web\/wp-json\/wp\/v2\/comments?post=1405"}],"version-history":[{"count":0,"href":"https:\/\/elpueblonoticia.com.ar\/web\/wp-json\/wp\/v2\/posts\/1405\/revisions"}],"wp:featuredmedia":[{"embeddable":true,"href":"https:\/\/elpueblonoticia.com.ar\/web\/wp-json\/wp\/v2\/media\/1406"}],"wp:attachment":[{"href":"https:\/\/elpueblonoticia.com.ar\/web\/wp-json\/wp\/v2\/media?parent=1405"}],"wp:term":[{"taxonomy":"category","embeddable":true,"href":"https:\/\/elpueblonoticia.com.ar\/web\/wp-json\/wp\/v2\/categories?post=1405"},{"taxonomy":"post_tag","embeddable":true,"href":"https:\/\/elpueblonoticia.com.ar\/web\/wp-json\/wp\/v2\/tags?post=1405"}],"curies":[{"name":"wp","href":"https:\/\/api.w.org\/{rel}","templated":true}]}}