{"id":11691,"date":"2026-06-26T08:01:19","date_gmt":"2026-06-26T11:01:19","guid":{"rendered":"https:\/\/elpueblonoticia.com.ar\/web\/?p=11691"},"modified":"2026-06-26T08:01:19","modified_gmt":"2026-06-26T11:01:19","slug":"laura-lewin-brindara-una-capacitacion-para-docentes-este-martes-en-goya","status":"publish","type":"post","link":"https:\/\/elpueblonoticia.com.ar\/web\/2026\/06\/26\/laura-lewin-brindara-una-capacitacion-para-docentes-este-martes-en-goya\/","title":{"rendered":"Laura Lewin brindar\u00e1 una capacitaci\u00f3n para docentes este martes en Goya"},"content":{"rendered":"<p class=\"isSelectedEnd\">La reconocida especialista en educaci\u00f3n <strong>Laura Lewin<\/strong> llegar\u00e1 a Goya el pr\u00f3ximo <strong>martes 30 de junio<\/strong> para encabezar una nueva jornada de formaci\u00f3n destinada a docentes y equipos directivos. La actividad forma parte de un ciclo impulsado por el Ministerio de Educaci\u00f3n y el Ministerio Secretar\u00eda General de la Provincia.<\/p>\n<p class=\"isSelectedEnd\">En esta oportunidad, la disertante presentar\u00e1 la capacitaci\u00f3n <strong>\u201cC\u00f3mo gestionar tu aula sin gritar (ni enloquecer)\u201d<\/strong>, una propuesta orientada a ofrecer herramientas pr\u00e1cticas que permitan mejorar la convivencia en el aula, fortalecer el trabajo docente y afrontar con mayor eficacia los desaf\u00edos cotidianos del \u00e1mbito educativo.<\/p>\n<p class=\"isSelectedEnd\">La jornada cuenta con reconocimiento oficial mediante la <strong>Resoluci\u00f3n N.\u00ba 1502\/26<\/strong>, por lo que otorgar\u00e1 puntaje docente a quienes participen, contribuyendo a su formaci\u00f3n profesional.<\/p>\n<p class=\"isSelectedEnd\">El encuentro se realizar\u00e1 desde las <strong>10:00 horas<\/strong> en las instalaciones del <strong>Club Atl\u00e9tico Uni\u00f3n<\/strong>, ubicado en <strong>Tucum\u00e1n 1262<\/strong> de la ciudad de Goya.<\/p>\n<p>Desde la organizaci\u00f3n informaron que los interesados deber\u00e1n completar previamente la inscripci\u00f3n a trav\u00e9s del sistema <strong>SIMA<\/strong>, requisito obligatorio para acceder a la capacitaci\u00f3n y al puntaje correspondiente.<\/p>\n","protected":false},"excerpt":{"rendered":"<p>La reconocida especialista en educaci\u00f3n Laura Lewin llegar\u00e1 a Goya el pr\u00f3ximo martes 30 de junio para encabezar una nueva jornada de formaci\u00f3n destinada a docentes y equipos directivos. La actividad forma parte de un ciclo impulsado por el Ministerio de Educaci\u00f3n y el Ministerio Secretar\u00eda General de la Provincia. En esta oportunidad, la disertante [&hellip;]<\/p>\n","protected":false},"author":2,"featured_media":11692,"comment_status":"open","ping_status":"open","sticky":false,"template":"","format":"standard","meta":{"footnotes":""},"categories":[78],"tags":[],"class_list":["post-11691","post","type-post","status-publish","format-standard","has-post-thumbnail","category-generales"],"_links":{"self":[{"href":"https:\/\/elpueblonoticia.com.ar\/web\/wp-json\/wp\/v2\/posts\/11691","targetHints":{"allow":["GET"]}}],"collection":[{"href":"https:\/\/elpueblonoticia.com.ar\/web\/wp-json\/wp\/v2\/posts"}],"about":[{"href":"https:\/\/elpueblonoticia.com.ar\/web\/wp-json\/wp\/v2\/types\/post"}],"author":[{"embeddable":true,"href":"https:\/\/elpueblonoticia.com.ar\/web\/wp-json\/wp\/v2\/users\/2"}],"replies":[{"embeddable":true,"href":"https:\/\/elpueblonoticia.com.ar\/web\/wp-json\/wp\/v2\/comments?post=11691"}],"version-history":[{"count":0,"href":"https:\/\/elpueblonoticia.com.ar\/web\/wp-json\/wp\/v2\/posts\/11691\/revisions"}],"wp:featuredmedia":[{"embeddable":true,"href":"https:\/\/elpueblonoticia.com.ar\/web\/wp-json\/wp\/v2\/media\/11692"}],"wp:attachment":[{"href":"https:\/\/elpueblonoticia.com.ar\/web\/wp-json\/wp\/v2\/media?parent=11691"}],"wp:term":[{"taxonomy":"category","embeddable":true,"href":"https:\/\/elpueblonoticia.com.ar\/web\/wp-json\/wp\/v2\/categories?post=11691"},{"taxonomy":"post_tag","embeddable":true,"href":"https:\/\/elpueblonoticia.com.ar\/web\/wp-json\/wp\/v2\/tags?post=11691"}],"curies":[{"name":"wp","href":"https:\/\/api.w.org\/{rel}","templated":true}]}}